{"id":12446,"date":"2024-03-25T13:19:43","date_gmt":"2024-03-25T16:19:43","guid":{"rendered":"https:\/\/lavozpuntana.com\/?p=12446"},"modified":"2024-03-25T13:19:45","modified_gmt":"2024-03-25T16:19:45","slug":"la-unvime-fue-parte-del-acto-por-la-memoria-verdad-y-justicia","status":"publish","type":"post","link":"https:\/\/lavozpuntana.com\/?p=12446","title":{"rendered":"LA UNVIME FUE PARTE DEL ACTO POR LA MEMORIA, VERDAD Y JUSTICIA"},"content":{"rendered":"\n<figure class=\"wp-block-image size-large\"><img loading=\"lazy\" decoding=\"async\" width=\"1024\" height=\"605\" src=\"http:\/\/lavozpuntana.com\/wp-content\/uploads\/2024\/03\/WhatsApp-Image-2024-03-25-at-12.24.00-PM-1024x605.jpeg\" alt=\"\" class=\"wp-image-12447\" srcset=\"https:\/\/lavozpuntana.com\/wp-content\/uploads\/2024\/03\/WhatsApp-Image-2024-03-25-at-12.24.00-PM-1024x605.jpeg 1024w, https:\/\/lavozpuntana.com\/wp-content\/uploads\/2024\/03\/WhatsApp-Image-2024-03-25-at-12.24.00-PM-300x177.jpeg 300w, https:\/\/lavozpuntana.com\/wp-content\/uploads\/2024\/03\/WhatsApp-Image-2024-03-25-at-12.24.00-PM-768x454.jpeg 768w, https:\/\/lavozpuntana.com\/wp-content\/uploads\/2024\/03\/WhatsApp-Image-2024-03-25-at-12.24.00-PM.jpeg 1033w\" sizes=\"auto, (max-width: 1024px) 100vw, 1024px\" \/><\/figure>\n\n\n\n<p><strong>El 24 de marzo en la explanada de la Universidad Nacional de San Luis, se realiz\u00f3 el acto homenaje a los desaparecidos y detenidos por el terrorismo de estado.<\/strong><\/p>\n\n\n\n<p>El acto se realiz\u00f3 en el busto del primer rector de la instituci\u00f3n, Prof. Mauricio L\u00f3pez, quien fuera desaparecido en el \u00faltimo golpe militar. Del homenaje participo el Vicerrector Lic. Santiago Farenga.<\/p>\n","protected":false},"excerpt":{"rendered":"<p>El 24 de marzo en la explanada de la Universidad Nacional de San Luis, se realiz\u00f3 el acto homenaje a los desaparecidos y detenidos por el terrorismo de estado.<\/p>\n","protected":false},"author":4,"featured_media":12447,"comment_status":"closed","ping_status":"closed","sticky":false,"template":"","format":"standard","meta":{"footnotes":""},"categories":[4],"tags":[],"class_list":["post-12446","post","type-post","status-publish","format-standard","has-post-thumbnail","hentry","category-la-provincia"],"_links":{"self":[{"href":"https:\/\/lavozpuntana.com\/index.php?rest_route=\/wp\/v2\/posts\/12446","targetHints":{"allow":["GET"]}}],"collection":[{"href":"https:\/\/lavozpuntana.com\/index.php?rest_route=\/wp\/v2\/posts"}],"about":[{"href":"https:\/\/lavozpuntana.com\/index.php?rest_route=\/wp\/v2\/types\/post"}],"author":[{"embeddable":true,"href":"https:\/\/lavozpuntana.com\/index.php?rest_route=\/wp\/v2\/users\/4"}],"replies":[{"embeddable":true,"href":"https:\/\/lavozpuntana.com\/index.php?rest_route=%2Fwp%2Fv2%2Fcomments&post=12446"}],"version-history":[{"count":1,"href":"https:\/\/lavozpuntana.com\/index.php?rest_route=\/wp\/v2\/posts\/12446\/revisions"}],"predecessor-version":[{"id":12448,"href":"https:\/\/lavozpuntana.com\/index.php?rest_route=\/wp\/v2\/posts\/12446\/revisions\/12448"}],"wp:featuredmedia":[{"embeddable":true,"href":"https:\/\/lavozpuntana.com\/index.php?rest_route=\/wp\/v2\/media\/12447"}],"wp:attachment":[{"href":"https:\/\/lavozpuntana.com\/index.php?rest_route=%2Fwp%2Fv2%2Fmedia&parent=12446"}],"wp:term":[{"taxonomy":"category","embeddable":true,"href":"https:\/\/lavozpuntana.com\/index.php?rest_route=%2Fwp%2Fv2%2Fcategories&post=12446"},{"taxonomy":"post_tag","embeddable":true,"href":"https:\/\/lavozpuntana.com\/index.php?rest_route=%2Fwp%2Fv2%2Ftags&post=12446"}],"curies":[{"name":"wp","href":"https:\/\/api.w.org\/{rel}","templated":true}]}}