{"id":12495,"date":"2024-03-27T01:07:49","date_gmt":"2024-03-27T04:07:49","guid":{"rendered":"https:\/\/lavozpuntana.com\/?p=12495"},"modified":"2024-03-27T01:07:51","modified_gmt":"2024-03-27T04:07:51","slug":"milei-dijo-que-la-inflacion-ya-esta-en-un-digito-y-que-se-daran-de-baja-otros-70-mil-contratos-de-empleados-publicos","status":"publish","type":"post","link":"https:\/\/lavozpuntana.com\/?p=12495","title":{"rendered":"MILEI DIJO QUE LA INFLACI\u00d3N YA EST\u00c1 EN UN D\u00cdGITO Y QUE SE DAR\u00c1N DE BAJA OTROS 70 MIL CONTRATOS DE EMPLEADOS P\u00daBLICOS"},"content":{"rendered":"\n<figure class=\"wp-block-image size-full\"><img loading=\"lazy\" decoding=\"async\" width=\"800\" height=\"483\" src=\"http:\/\/lavozpuntana.com\/wp-content\/uploads\/2024\/03\/milei-16.jpg\" alt=\"\" class=\"wp-image-12496\" srcset=\"https:\/\/lavozpuntana.com\/wp-content\/uploads\/2024\/03\/milei-16.jpg 800w, https:\/\/lavozpuntana.com\/wp-content\/uploads\/2024\/03\/milei-16-300x181.jpg 300w, https:\/\/lavozpuntana.com\/wp-content\/uploads\/2024\/03\/milei-16-768x464.jpg 768w\" sizes=\"auto, (max-width: 800px) 100vw, 800px\" \/><\/figure>\n\n\n\n<p><strong>El Presidente pronunci\u00f3 el discurso de cierre en un encuentro de especialistas y empresarios latinoamericanos, donde castig\u00f3 con dureza al populismo.<\/strong><\/p>\n\n\n\n<p>El presidente Javier Milei destac\u00f3 hoy que su gobierno ya elimin\u00f3 50.000 empleados p\u00fablicos y dijo que ahora \u00abest\u00e1n cayendo m\u00e1s contratos y van a caer 70.000 contratos\u201d.<\/p>\n\n\n\n<p>Milei asegur\u00f3 que la Argentina vivi\u00f3 durante los \u00faltimos veinte a\u00f1os bajo un r\u00e9gimen populista salvaje que llev\u00f3 al pa\u00eds a una situaci\u00f3n \u201cmiserable\u201d y asegur\u00f3 que en la tercera semana de marzo \u201cse fren\u00f3 la suba de precios\u201d.<\/p>\n\n\n\n<p>Adem\u00e1s, Milei destac\u00f3 la baja de la inflaci\u00f3n y consider\u00f3 que \u201cla verdadera inflaci\u00f3n de febrero fue del 7 por ciento, la estamos metiendo dentro de un d\u00edgito\u201d<\/p>\n\n\n\n<p>Al pronunciar el discurso de cierre del Foro de Economistas Latinoamericanos en un hotel c\u00e9ntrico, Milei record\u00f3 que su gobierno recibi\u00f3 de herencia un d\u00e9ficit financiero equivalente a 17 puntos del Producto Bruto.<\/p>\n\n\n\n<p>Junto a su hermana, la secretaria de la Presidencia, Karina Milei, el jefe de Estado dijo que con \u201cel jefe\u201d -como llama a su hermana- \u201cten\u00edamos claro que si gan\u00e1bamos era porque la gente estaba harta del populismo\u201d.<\/p>\n\n\n\n<p>Ante expertos de distintos pa\u00edses, Milei dijo estar \u201corgulloso\u201d de haber dado de baja la obra p\u00fablica porque se trata de un \u201cfoco de corrupci\u00f3n\u201d.<\/p>\n\n\n\n<p>Dijo que su plan de ajuste tienen \u201cmucho de licuadora y mucho de motosierra\u201d y destac\u00f3 que \u201cya eliminamos 50 mil cargos p\u00fablicos y ahora vamos a eliminar 20 mil m\u00e1s, hasta llegar a 70 mil\u201d.<\/p>\n\n\n\n<p>Milei dijo que el C\u00edrculo Rojo \u201ccada vez est\u00e1 m\u00e1s anal\u00f3gico y no entiende nada de lo que hacemos. A nosotros la era digital ya no qued\u00f3 corto\u201d.<\/p>\n\n\n\n<p>El presidente dijo que \u201cla gran cantidad de simios que hay en la pol\u00edtica argentina criticaron a la ministra de Capital Humano por terminar con los intermediarios en la entrega de programas sociales\u201d.<\/p>\n\n\n\n<p>Milei dijo que su pol\u00edtica en materia social \u201ctermin\u00f3 con los Belliboni de la vida que se quedaban con la mitad de los planes sociales y encima la gente ten\u00eda que trabajar como piqueteros\u201d.<\/p>\n\n\n\n<p>\u201cAhora terminamos con la intermediaci\u00f3n y pusimos una l\u00ednea de denuncias por las que recibimos unas 300 mil denuncias y hay 18 mil causas abiertas\u201d, indic\u00f3.<\/p>\n\n\n\n<p>Milei destac\u00f3 que el riesgo pa\u00eds va caminos a los mil puntos y se\u00f1al\u00f3 que ese logro \u201cno abrir\u00e1 el mercado de capitales\u201d.<\/p>\n\n\n\n<p>\u201cEstamos haciendo un ajuste mucho m\u00e1s fuerte que el que preve\u00edan los analistas con una econom\u00eda que est\u00e1 cayendo menos\u201d, se\u00f1al\u00f3.<\/p>\n\n\n\n<p>El presidente se mostr\u00f3 confiado en que la econom\u00eda argentina experimentar\u00e1 un recuperaci\u00f3n en V, r\u00e1pida, en medio de duras calificaciones contra los economistas John Maynard Keynes y Karl Marx, a quienes tild\u00f3 de \u201cempobrecedores\u201d.<\/p>\n\n\n\n<p>Milei dijo que su gobierno est\u00e1 avanzando en reformas \u201ca pesar de la pol\u00edtica\u201d.<\/p>\n\n\n\n<p>Dijo que \u201clos pol\u00edticos no quieren ceder sus curros y buscan mantener sus privilegios, y por eso hicieron caer el DNU en el Senado\u201d.<\/p>\n\n\n\n<p>\u201cEst\u00e1n por un lado los orcos, est\u00e1 la gente que verdaderamente quiere el cambio y est\u00e1n los farsantes delincuentes que quieren el cambio pero les da verg\u00fcenza implementarlo, o sea que son la misma porquer\u00eda que los otros\u201d, dispar\u00f3 Milei.<\/p>\n\n\n\n<p>El presidente dijo que \u201cen tres meses le sacamos la careta\u201d.<\/p>\n\n\n\n<p>Pronostic\u00f3, adem\u00e1s, que en la elecci\u00f3n de medio t\u00e9rmino \u201cvamos cambiar la configuraci\u00f3n del Congreso y vamos a poder meter todas las reformas que ahora no nos dejan\u201d.<\/p>\n\n\n\n<p>Dijo que \u201cel 70% de los argentinos est\u00e1n convencidos de que vamos a derrotar la inflaci\u00f3n\u201d.<\/p>\n\n\n\n<p>Se\u00f1al\u00f3 que \u201cla gente tiene esperanza, ve que hay luz al final del camino\u201d.<\/p>\n","protected":false},"excerpt":{"rendered":"<p>El Presidente pronunci\u00f3 el discurso de cierre en un encuentro de especialistas y empresarios latinoamericanos, donde castig\u00f3 con dureza al populismo.<\/p>\n","protected":false},"author":4,"featured_media":12496,"comment_status":"closed","ping_status":"closed","sticky":false,"template":"","format":"standard","meta":{"footnotes":""},"categories":[5],"tags":[],"class_list":["post-12495","post","type-post","status-publish","format-standard","has-post-thumbnail","hentry","category-el-pais"],"_links":{"self":[{"href":"https:\/\/lavozpuntana.com\/index.php?rest_route=\/wp\/v2\/posts\/12495","targetHints":{"allow":["GET"]}}],"collection":[{"href":"https:\/\/lavozpuntana.com\/index.php?rest_route=\/wp\/v2\/posts"}],"about":[{"href":"https:\/\/lavozpuntana.com\/index.php?rest_route=\/wp\/v2\/types\/post"}],"author":[{"embeddable":true,"href":"https:\/\/lavozpuntana.com\/index.php?rest_route=\/wp\/v2\/users\/4"}],"replies":[{"embeddable":true,"href":"https:\/\/lavozpuntana.com\/index.php?rest_route=%2Fwp%2Fv2%2Fcomments&post=12495"}],"version-history":[{"count":1,"href":"https:\/\/lavozpuntana.com\/index.php?rest_route=\/wp\/v2\/posts\/12495\/revisions"}],"predecessor-version":[{"id":12497,"href":"https:\/\/lavozpuntana.com\/index.php?rest_route=\/wp\/v2\/posts\/12495\/revisions\/12497"}],"wp:featuredmedia":[{"embeddable":true,"href":"https:\/\/lavozpuntana.com\/index.php?rest_route=\/wp\/v2\/media\/12496"}],"wp:attachment":[{"href":"https:\/\/lavozpuntana.com\/index.php?rest_route=%2Fwp%2Fv2%2Fmedia&parent=12495"}],"wp:term":[{"taxonomy":"category","embeddable":true,"href":"https:\/\/lavozpuntana.com\/index.php?rest_route=%2Fwp%2Fv2%2Fcategories&post=12495"},{"taxonomy":"post_tag","embeddable":true,"href":"https:\/\/lavozpuntana.com\/index.php?rest_route=%2Fwp%2Fv2%2Ftags&post=12495"}],"curies":[{"name":"wp","href":"https:\/\/api.w.org\/{rel}","templated":true}]}}