{"id":12542,"date":"2024-04-04T12:02:54","date_gmt":"2024-04-04T15:02:54","guid":{"rendered":"https:\/\/lavozpuntana.com\/?p=12542"},"modified":"2024-04-04T12:02:56","modified_gmt":"2024-04-04T15:02:56","slug":"este-sabado-el-gobernador-lanza-el-plan-mi-proximo-paso-para-empresas-y-emprendedores","status":"publish","type":"post","link":"https:\/\/lavozpuntana.com\/?p=12542","title":{"rendered":"ESTE S\u00c1BADO EL GOBERNADOR LANZA EL PLAN \u2018MI PR\u00d3XIMO PASO\u2019 PARA EMPRESAS Y EMPRENDEDORES"},"content":{"rendered":"\n<figure class=\"wp-block-image size-large\"><img loading=\"lazy\" decoding=\"async\" width=\"1024\" height=\"1024\" src=\"https:\/\/lavozpuntana.com\/wp-content\/uploads\/2024\/04\/WhatsApp-Image-2024-04-03-at-4.41.18-PM-1-1024x1024.jpeg\" alt=\"\" class=\"wp-image-12543\" srcset=\"https:\/\/lavozpuntana.com\/wp-content\/uploads\/2024\/04\/WhatsApp-Image-2024-04-03-at-4.41.18-PM-1-1024x1024.jpeg 1024w, https:\/\/lavozpuntana.com\/wp-content\/uploads\/2024\/04\/WhatsApp-Image-2024-04-03-at-4.41.18-PM-1-300x300.jpeg 300w, https:\/\/lavozpuntana.com\/wp-content\/uploads\/2024\/04\/WhatsApp-Image-2024-04-03-at-4.41.18-PM-1-150x150.jpeg 150w, https:\/\/lavozpuntana.com\/wp-content\/uploads\/2024\/04\/WhatsApp-Image-2024-04-03-at-4.41.18-PM-1-768x768.jpeg 768w, https:\/\/lavozpuntana.com\/wp-content\/uploads\/2024\/04\/WhatsApp-Image-2024-04-03-at-4.41.18-PM-1.jpeg 1459w\" sizes=\"auto, (max-width: 1024px) 100vw, 1024px\" \/><\/figure>\n\n\n\n<p><strong>Se trata de una bater\u00eda de medidas para apoyar al sector privado que surgieron de las conclusiones de las Jornadas Productivas que se hicieron en toda la provincia. La cita es en Terrazas a partir de las 11:00.<\/strong><\/p>\n\n\n\n<p>Este s\u00e1bado 6 de abril, el gobernador Claudio Poggi estar\u00e1 a cargo del lanzamiento de \u2018Mi Pr\u00f3ximo Paso\u2019, una bater\u00eda de medidas de apoyo a empresas y emprendedores destinada a todo el sector privado. El plan surgi\u00f3 de las conclusiones planteadas en las mesas de debate durante las Jornadas Productivas y son el comienzo de un plan de reactivaci\u00f3n para generar m\u00e1s y mejores puestos de trabajo enmarcado en San Luis se Activa. La cita ser\u00e1 a las 11:00 en el Sal\u00f3n de la Puntanidad de Terrazas del Portezuelo.<\/p>\n\n\n\n<p>A 113 d\u00edas de gesti\u00f3n, el Primer mandatario destac\u00f3 que habiendo participado personalmente de las siete jornadas recibi\u00f3 las conclusiones de las mesas de trabajo sectorial que reunieron a miles de emprendedores y empresarios. Cada una de las siete regiones productivas en las que se dividi\u00f3 la provincia tuvo su participaci\u00f3n a cargo de representantes de cada sector productivo, elegidos por votaci\u00f3n en cada mesa, quienes entregaron en mano sus conclusiones, que incluyen los principales problemas y oportunidades de cada sector.<\/p>\n\n\n\n<p>Tras su an\u00e1lisis, \u2018Mi Pr\u00f3ximo Paso\u2019 busca ser una respuesta a las necesidades de los productores de los distintos sectores para potenciar y acompa\u00f1ar el crecimiento de su empresa o emprendimiento. \u201cSan Luis tiene que tener un sector p\u00fablico tan grande como se necesite y un sector privado tan grande como se pueda\u201d, dijo Poggi en varios de los encuentros.<\/p>\n","protected":false},"excerpt":{"rendered":"<p>Se trata de una bater\u00eda de medidas para apoyar al sector privado que surgieron de las conclusiones de las Jornadas Productivas que se hicieron en toda la provincia. La cita es en Terrazas a partir de las 11:00.<\/p>\n","protected":false},"author":4,"featured_media":12543,"comment_status":"closed","ping_status":"closed","sticky":false,"template":"","format":"standard","meta":{"footnotes":""},"categories":[4],"tags":[],"class_list":["post-12542","post","type-post","status-publish","format-standard","has-post-thumbnail","hentry","category-la-provincia"],"_links":{"self":[{"href":"https:\/\/lavozpuntana.com\/index.php?rest_route=\/wp\/v2\/posts\/12542","targetHints":{"allow":["GET"]}}],"collection":[{"href":"https:\/\/lavozpuntana.com\/index.php?rest_route=\/wp\/v2\/posts"}],"about":[{"href":"https:\/\/lavozpuntana.com\/index.php?rest_route=\/wp\/v2\/types\/post"}],"author":[{"embeddable":true,"href":"https:\/\/lavozpuntana.com\/index.php?rest_route=\/wp\/v2\/users\/4"}],"replies":[{"embeddable":true,"href":"https:\/\/lavozpuntana.com\/index.php?rest_route=%2Fwp%2Fv2%2Fcomments&post=12542"}],"version-history":[{"count":1,"href":"https:\/\/lavozpuntana.com\/index.php?rest_route=\/wp\/v2\/posts\/12542\/revisions"}],"predecessor-version":[{"id":12544,"href":"https:\/\/lavozpuntana.com\/index.php?rest_route=\/wp\/v2\/posts\/12542\/revisions\/12544"}],"wp:featuredmedia":[{"embeddable":true,"href":"https:\/\/lavozpuntana.com\/index.php?rest_route=\/wp\/v2\/media\/12543"}],"wp:attachment":[{"href":"https:\/\/lavozpuntana.com\/index.php?rest_route=%2Fwp%2Fv2%2Fmedia&parent=12542"}],"wp:term":[{"taxonomy":"category","embeddable":true,"href":"https:\/\/lavozpuntana.com\/index.php?rest_route=%2Fwp%2Fv2%2Fcategories&post=12542"},{"taxonomy":"post_tag","embeddable":true,"href":"https:\/\/lavozpuntana.com\/index.php?rest_route=%2Fwp%2Fv2%2Ftags&post=12542"}],"curies":[{"name":"wp","href":"https:\/\/api.w.org\/{rel}","templated":true}]}}