{"id":12578,"date":"2024-04-06T13:19:15","date_gmt":"2024-04-06T16:19:15","guid":{"rendered":"https:\/\/lavozpuntana.com\/?p=12578"},"modified":"2024-04-06T13:19:17","modified_gmt":"2024-04-06T16:19:17","slug":"el-lunes-comenzara-a-regir-la-moratoria-impositiva-provincial","status":"publish","type":"post","link":"https:\/\/lavozpuntana.com\/?p=12578","title":{"rendered":"EL LUNES COMENZAR\u00c1 A REGIR LA MORATORIA IMPOSITIVA PROVINCIAL"},"content":{"rendered":"\n<figure class=\"wp-block-image size-large\"><img loading=\"lazy\" decoding=\"async\" width=\"1024\" height=\"768\" src=\"http:\/\/lavozpuntana.com\/wp-content\/uploads\/2024\/04\/WhatsApp-Image-2024-04-05-at-13.00.50-1536x1152-1-1024x768.jpeg\" alt=\"\" class=\"wp-image-12579\" srcset=\"https:\/\/lavozpuntana.com\/wp-content\/uploads\/2024\/04\/WhatsApp-Image-2024-04-05-at-13.00.50-1536x1152-1-1024x768.jpeg 1024w, https:\/\/lavozpuntana.com\/wp-content\/uploads\/2024\/04\/WhatsApp-Image-2024-04-05-at-13.00.50-1536x1152-1-300x225.jpeg 300w, https:\/\/lavozpuntana.com\/wp-content\/uploads\/2024\/04\/WhatsApp-Image-2024-04-05-at-13.00.50-1536x1152-1-768x576.jpeg 768w, https:\/\/lavozpuntana.com\/wp-content\/uploads\/2024\/04\/WhatsApp-Image-2024-04-05-at-13.00.50-1536x1152-1-720x540.jpeg 720w, https:\/\/lavozpuntana.com\/wp-content\/uploads\/2024\/04\/WhatsApp-Image-2024-04-05-at-13.00.50-1536x1152-1.jpeg 1536w\" sizes=\"auto, (max-width: 1024px) 100vw, 1024px\" \/><\/figure>\n\n\n\n<p><strong>Habr\u00e1 bonificaciones del 50% por pago en efectivo y podr\u00e1n incorporarse las deudas generadas hasta el 31 de diciembre de 2023, tanto tributarias como no tributarias, siempre y cuando los contribuyentes est\u00e9n al d\u00eda con las de 2024.\u00a0<\/strong><\/p>\n\n\n\n<p>Desde este lunes, el Gobierno provincial pondr\u00e1 en marcha la moratoria 2024, con el objetivo de facilitar el cumplimiento con las obligaciones impositivas. El r\u00e9gimen de regularizaci\u00f3n y sinceramiento de deudas es extraordinario y por \u00fanica vez, por lo que es importante sumarse para estar al d\u00eda.<\/p>\n\n\n\n<p>La propuesta ofrece la posibilidad de pagar todo tipo de deudas con el Estado que hayan sido generada hasta el 31 de diciembre de 2023. Una condici\u00f3n para sumarse es estar al d\u00eda con los tributos del a\u00f1o en curso.<\/p>\n\n\n\n<p>Bonificaciones del 50%<\/p>\n\n\n\n<p>Con respecto a los tributos, este plan puede ser utilizado para actualizar deudas por impuestos sobre Ingresos Brutos, Inmobiliario, Sellos, Automotores, Acoplados y Motocicletas. Mientras que las no tributarias incluyen tasas administrativas de registro de marcas y se\u00f1ales y expedici\u00f3n de gu\u00edas de ganado y frutos del pa\u00eds. Tambi\u00e9n, el canon de uso y consumo de agua, cuotas de viviendas, pr\u00e9stamos brindados por la Provincia y multas aplicadas por distintos organismos del Estado provincial.<\/p>\n\n\n\n<p>En cuanto a beneficios generales, la reducci\u00f3n del inter\u00e9s por mora alcanza el 50% del que corresponde aplicar. Con pago al contado hay descuentos del 50% hasta el l\u00edmite del capital.<\/p>\n\n\n\n<p>Con financiaciones, hay reducci\u00f3n de intereses: en 6 cuotas la rebaja es del 80%, mientras que hasta 18 cuotas la disminuci\u00f3n es del 60%. En tanto en m\u00e1s de 18 cuotas y hasta 40 se descuenta el 30%.<\/p>\n\n\n\n<p>Sinceramiento catastral, otro importante beneficio<\/p>\n\n\n\n<p>La iniciativa gubernamental exime de sanciones y obligaciones en relaci\u00f3n a los metros cuadrados que se declaren. En cuanto a los efectos impositivos, pagar\u00e1n por todo concepto por los a\u00f1os de incumplimiento $400 por metro cuadrado que se declare. Es muy beneficioso el sinceramiento de mejoras porque considera que el contribuyente cumpli\u00f3 por la construcci\u00f3n agregada y queda liberado de toda sanci\u00f3n.<\/p>\n\n\n\n<p>Atenci\u00f3n extendida y comodidad con clave fiscal<\/p>\n\n\n\n<p>Para ampliar las posibilidades de sumarse a la moratoria, Rentas extendi\u00f3 el horario de atenci\u00f3n al p\u00fablico en todas las oficinas de la provincia, que estar\u00e1n abiertas de 8:00 a 16:00.<\/p>\n\n\n\n<p>Adem\u00e1s, quienes tienen clave fiscal pueden hacer el tr\u00e1mite totalmente online. Igualmente, quienes no tengan clave fiscal se pueden acercar a las oficinas para recibir la orientaci\u00f3n que sea necesaria.<\/p>\n","protected":false},"excerpt":{"rendered":"<p>Habr\u00e1 bonificaciones del 50% por pago en efectivo y podr\u00e1n incorporarse las deudas generadas hasta el 31 de diciembre de 2023, tanto tributarias como no tributarias, siempre y cuando los contribuyentes est\u00e9n al d\u00eda con las de 2024.\u00a0<\/p>\n","protected":false},"author":4,"featured_media":12579,"comment_status":"closed","ping_status":"closed","sticky":false,"template":"","format":"standard","meta":{"footnotes":""},"categories":[4],"tags":[],"class_list":["post-12578","post","type-post","status-publish","format-standard","has-post-thumbnail","hentry","category-la-provincia"],"_links":{"self":[{"href":"https:\/\/lavozpuntana.com\/index.php?rest_route=\/wp\/v2\/posts\/12578","targetHints":{"allow":["GET"]}}],"collection":[{"href":"https:\/\/lavozpuntana.com\/index.php?rest_route=\/wp\/v2\/posts"}],"about":[{"href":"https:\/\/lavozpuntana.com\/index.php?rest_route=\/wp\/v2\/types\/post"}],"author":[{"embeddable":true,"href":"https:\/\/lavozpuntana.com\/index.php?rest_route=\/wp\/v2\/users\/4"}],"replies":[{"embeddable":true,"href":"https:\/\/lavozpuntana.com\/index.php?rest_route=%2Fwp%2Fv2%2Fcomments&post=12578"}],"version-history":[{"count":1,"href":"https:\/\/lavozpuntana.com\/index.php?rest_route=\/wp\/v2\/posts\/12578\/revisions"}],"predecessor-version":[{"id":12580,"href":"https:\/\/lavozpuntana.com\/index.php?rest_route=\/wp\/v2\/posts\/12578\/revisions\/12580"}],"wp:featuredmedia":[{"embeddable":true,"href":"https:\/\/lavozpuntana.com\/index.php?rest_route=\/wp\/v2\/media\/12579"}],"wp:attachment":[{"href":"https:\/\/lavozpuntana.com\/index.php?rest_route=%2Fwp%2Fv2%2Fmedia&parent=12578"}],"wp:term":[{"taxonomy":"category","embeddable":true,"href":"https:\/\/lavozpuntana.com\/index.php?rest_route=%2Fwp%2Fv2%2Fcategories&post=12578"},{"taxonomy":"post_tag","embeddable":true,"href":"https:\/\/lavozpuntana.com\/index.php?rest_route=%2Fwp%2Fv2%2Ftags&post=12578"}],"curies":[{"name":"wp","href":"https:\/\/api.w.org\/{rel}","templated":true}]}}