{"id":12581,"date":"2024-04-06T13:25:48","date_gmt":"2024-04-06T16:25:48","guid":{"rendered":"https:\/\/lavozpuntana.com\/?p=12581"},"modified":"2024-04-06T13:25:49","modified_gmt":"2024-04-06T16:25:49","slug":"en-45-dias-se-sumaran-80-nuevos-patrulleros-a-las-calles","status":"publish","type":"post","link":"https:\/\/lavozpuntana.com\/?p=12581","title":{"rendered":"EN 45 D\u00cdAS SE SUMAR\u00c1N 80 NUEVOS PATRULLEROS A LAS CALLES"},"content":{"rendered":"\n<figure class=\"wp-block-image size-large\"><img loading=\"lazy\" decoding=\"async\" width=\"1024\" height=\"681\" src=\"http:\/\/lavozpuntana.com\/wp-content\/uploads\/2024\/04\/WhatsApp-Image-2024-04-05-at-21.01.42-1536x1022-1-1024x681.jpeg\" alt=\"\" class=\"wp-image-12582\" srcset=\"https:\/\/lavozpuntana.com\/wp-content\/uploads\/2024\/04\/WhatsApp-Image-2024-04-05-at-21.01.42-1536x1022-1-1024x681.jpeg 1024w, https:\/\/lavozpuntana.com\/wp-content\/uploads\/2024\/04\/WhatsApp-Image-2024-04-05-at-21.01.42-1536x1022-1-300x200.jpeg 300w, https:\/\/lavozpuntana.com\/wp-content\/uploads\/2024\/04\/WhatsApp-Image-2024-04-05-at-21.01.42-1536x1022-1-768x511.jpeg 768w, https:\/\/lavozpuntana.com\/wp-content\/uploads\/2024\/04\/WhatsApp-Image-2024-04-05-at-21.01.42-1536x1022-1.jpeg 1536w\" sizes=\"auto, (max-width: 1024px) 100vw, 1024px\" \/><\/figure>\n\n\n\n<p><strong>Este viernes por la tarde, el gobernador, Claudio Poggi, rubric\u00f3 el decreto de adjudicaci\u00f3n de la licitaci\u00f3n para la compra de 80 nuevos patrulleros que ser\u00e1n distribuidos en comisar\u00edas de San Luis.<\/strong><\/p>\n\n\n\n<p>La inversi\u00f3n que har\u00e1 el Gobierno ser\u00e1 de 2.267 millones de pesos y a partir de la adquisici\u00f3n de estos m\u00f3viles se reforzar\u00e1 una unidad vehicular que actualmente es de solo 131 veh\u00edculos.<\/p>\n\n\n\n<p>La medida, tendr\u00e1 un impacto directo en la lucha contra la inseguridad y ampliar\u00e1 la flota en m\u00e1s del 60%.<\/p>\n\n\n\n<p>El pasado 1\u00b0 de abril, el gobernador Poggi inform\u00f3 en su discurso ante la Asamblea Legislativa que se encontr\u00f3 \u201csolo el 20% de los patrulleros en funcionamiento (131 patrulleros funcionaban, 157 fuera de servicio, y 400 directamente para remate), el 50% de las motos fuera de servicio\u201d, indic\u00f3.<\/p>\n\n\n\n<p>El Gobernador firm\u00f3 el decreto en compa\u00f1\u00eda de la ministra de Seguridad, Nancy Sosa.<\/p>\n","protected":false},"excerpt":{"rendered":"<p>Este viernes por la tarde, el gobernador, Claudio Poggi, rubric\u00f3 el decreto de adjudicaci\u00f3n de la licitaci\u00f3n para la compra de 80 nuevos patrulleros que ser\u00e1n distribuidos en comisar\u00edas de San Luis.<\/p>\n","protected":false},"author":4,"featured_media":12582,"comment_status":"closed","ping_status":"closed","sticky":false,"template":"","format":"standard","meta":{"footnotes":""},"categories":[4],"tags":[],"class_list":["post-12581","post","type-post","status-publish","format-standard","has-post-thumbnail","hentry","category-la-provincia"],"_links":{"self":[{"href":"https:\/\/lavozpuntana.com\/index.php?rest_route=\/wp\/v2\/posts\/12581","targetHints":{"allow":["GET"]}}],"collection":[{"href":"https:\/\/lavozpuntana.com\/index.php?rest_route=\/wp\/v2\/posts"}],"about":[{"href":"https:\/\/lavozpuntana.com\/index.php?rest_route=\/wp\/v2\/types\/post"}],"author":[{"embeddable":true,"href":"https:\/\/lavozpuntana.com\/index.php?rest_route=\/wp\/v2\/users\/4"}],"replies":[{"embeddable":true,"href":"https:\/\/lavozpuntana.com\/index.php?rest_route=%2Fwp%2Fv2%2Fcomments&post=12581"}],"version-history":[{"count":1,"href":"https:\/\/lavozpuntana.com\/index.php?rest_route=\/wp\/v2\/posts\/12581\/revisions"}],"predecessor-version":[{"id":12583,"href":"https:\/\/lavozpuntana.com\/index.php?rest_route=\/wp\/v2\/posts\/12581\/revisions\/12583"}],"wp:featuredmedia":[{"embeddable":true,"href":"https:\/\/lavozpuntana.com\/index.php?rest_route=\/wp\/v2\/media\/12582"}],"wp:attachment":[{"href":"https:\/\/lavozpuntana.com\/index.php?rest_route=%2Fwp%2Fv2%2Fmedia&parent=12581"}],"wp:term":[{"taxonomy":"category","embeddable":true,"href":"https:\/\/lavozpuntana.com\/index.php?rest_route=%2Fwp%2Fv2%2Fcategories&post=12581"},{"taxonomy":"post_tag","embeddable":true,"href":"https:\/\/lavozpuntana.com\/index.php?rest_route=%2Fwp%2Fv2%2Ftags&post=12581"}],"curies":[{"name":"wp","href":"https:\/\/api.w.org\/{rel}","templated":true}]}}