{"id":12604,"date":"2024-04-08T13:58:25","date_gmt":"2024-04-08T16:58:25","guid":{"rendered":"https:\/\/lavozpuntana.com\/?p=12604"},"modified":"2024-04-08T14:01:51","modified_gmt":"2024-04-08T17:01:51","slug":"se-anunciaron-18-herramientas-para-reactivar-al-sector-productivo","status":"publish","type":"post","link":"https:\/\/lavozpuntana.com\/?p=12604","title":{"rendered":"SE ANUNCIARON 18 HERRAMIENTAS PARA REACTIVAR AL SECTOR PRODUCTIVO"},"content":{"rendered":"\n<figure class=\"wp-block-image size-large\"><img loading=\"lazy\" decoding=\"async\" width=\"1024\" height=\"681\" src=\"http:\/\/lavozpuntana.com\/wp-content\/uploads\/2024\/04\/WhatsApp-Image-2024-04-06-at-11.51.40-1536x1022-1-1024x681.jpeg\" alt=\"\" class=\"wp-image-12605\" srcset=\"https:\/\/lavozpuntana.com\/wp-content\/uploads\/2024\/04\/WhatsApp-Image-2024-04-06-at-11.51.40-1536x1022-1-1024x681.jpeg 1024w, https:\/\/lavozpuntana.com\/wp-content\/uploads\/2024\/04\/WhatsApp-Image-2024-04-06-at-11.51.40-1536x1022-1-300x200.jpeg 300w, https:\/\/lavozpuntana.com\/wp-content\/uploads\/2024\/04\/WhatsApp-Image-2024-04-06-at-11.51.40-1536x1022-1-768x511.jpeg 768w, https:\/\/lavozpuntana.com\/wp-content\/uploads\/2024\/04\/WhatsApp-Image-2024-04-06-at-11.51.40-1536x1022-1.jpeg 1536w\" sizes=\"auto, (max-width: 1024px) 100vw, 1024px\" \/><\/figure>\n\n\n\n<p><strong>El gobernador, Claudio Poggi, lanz\u00f3 estas medidas como parte del plan \u2018Mi Pr\u00f3ximo Paso\u2019 y gran parte est\u00e1n habilitadas desde este lunes.<\/strong><\/p>\n\n\n\n<p>El s\u00e1bado, con el Sal\u00f3n de la Puntanidad de Terrazas del Portezuelo colmado de empresarios y emprendedores, el gobernador Claudio Poggi lanz\u00f3 el plan \u2018Mi Pr\u00f3ximo Paso\u2019 con el objetivo de generar las condiciones para que el sector privado de San Luis crezca y recupere los puestos de trabajo perdidos. El proyecto contempla 18 herramientas que tienen la caracter\u00edstica de ser modulares y multiuso, lo que significa que pueden usarse de a una o combinarse varias; y tambi\u00e9n multisectorial, es decir, dirigidas a distintas actividades productivas o servicios.<\/p>\n\n\n\n<p>A continuaci\u00f3n, un detalle de cada una:<\/p>\n\n\n\n<p><strong>Capacitaciones<\/strong><\/p>\n\n\n\n<p>Habr\u00e1 de dos tipos: permanentes, que se dictar\u00e1n todos los mi\u00e9rcoles de manera presencial y virtual; y sectoriales, que ser\u00e1n dise\u00f1adas a medida seg\u00fan la oferta y la demanda de los distintos sectores. En el primer caso, las formaciones comenzar\u00e1n este mi\u00e9rcoles 10 de abril con la capacitaci\u00f3n \u2018Potenci\u00e1 tu emprendimiento en internet\u2019, y en mayo ser\u00e1 el turno de \u2018C\u00f3mo mejorar la rentabilidad del negocio\u2019.<\/p>\n\n\n\n<p>La coordinaci\u00f3n e implementaci\u00f3n de esta herramienta estar\u00e1 a cargo del ministerio de Desarrollo Productivo. Los interesados pueden comunicarse al 266-4452000, Interno 3197, o visitar el link: <a href=\"https:\/\/sanluis.gov.ar\/desarrollo-productivo\/ciclo-capacitaciones\">https:\/\/sanluis.gov.ar\/desarrollo-productivo\/ciclo-capacitaciones<\/a>.<\/p>\n\n\n\n<p><strong>Asistencia t\u00e9cnica<\/strong><\/p>\n\n\n\n<p>Est\u00e1 destinada a emprendedores con rubros afines o intereses y necesidades comunes, que ser\u00e1n asistidos por un profesional para cada \u00e1rea espec\u00edfica seg\u00fan su regi\u00f3n productiva y escala de producci\u00f3n. Como en el caso anterior, la coordinaci\u00f3n e implementaci\u00f3n de esta herramienta estar\u00e1 a cargo del ministerio de Desarrollo Productivo. Los interesados pueden comunicarse al 266-4452000, Interno 3197, o visitar el link: <a href=\"https:\/\/sanluis.gov.ar\/desarrollo-productivo\/\">https:\/\/sanluis.gov.ar\/desarrollo-productivo\/<\/a>.<\/p>\n\n\n\n<p><strong>Incubadoras<\/strong><\/p>\n\n\n\n<p>Tiene el objetivo de crear un ambiente favorable para acompa\u00f1ar a emprendedores y otorgarles, por un tiempo determinado, espacios f\u00edsicos para su desarrollo. Habr\u00e1 una por cada regi\u00f3n productiva, que son siete. Actualmente funciona una en el Parque Industrial Sur de la capital y est\u00e1 pr\u00f3xima a inaugurarse la segunda en las instalaciones de la ex f\u00e1brica Lanin, en Villa Mercedes.<\/p>\n\n\n\n<p>Su implementaci\u00f3n estar\u00e1 a cargo del ministerio de Desarrollo Productivo. Los interesados pueden comunicarse al 266-4452000, internos 3197\/3330, o visitar el link: <a href=\"https:\/\/sanluis.gov.ar\/desarrollo-productivo\/incubadora-empresas\/\">https:\/\/sanluis.gov.ar\/desarrollo-productivo\/incubadora-empresas\/<\/a>.<\/p>\n\n\n\n<p><strong>Negocio y vinculaciones<\/strong><\/p>\n\n\n\n<p>Apunta a mejorar la capacidad de hacer negocios y la rentabilidad de emprendimientos entrelazando a proveedores locales. La idea es generar espacios para hacer negocios de forma presencial, como congresos o rondas de negocio, y tambi\u00e9n incluir\u00e1 la puesta en marcha de \u2018Compre San Luis\u2019, una plataforma virtual para la oferta de productos y servicios de San Luis. Dicha plataforma estar\u00e1 en vigencia desde este mi\u00e9rcoles 10 de abril. Para mayor informaci\u00f3n, visitar el link: <a href=\"https:\/\/compre.sanluis.gov.ar\/\">https:\/\/compre.sanluis.gov.ar\/<\/a> o bien comunicarse con la direcci\u00f3n Comercio y Servicios, o la de Fortalecimiento y Competitividad al 266-4452000, interno 3206.<\/p>\n\n\n\n<p><strong>Promoci\u00f3n y comercializaci\u00f3n<\/strong><\/p>\n\n\n\n<p>Pensada para difundir y promocionar productos y servicios y crear oportunidades de ventas a trav\u00e9s de diferentes canales. Apuntar\u00e1 a organizar exposiciones y crear estrategias de mercado. Ser\u00e1 coordinada por las direcciones de Comercio y Servicios y la de Producci\u00f3n Familiar, 266-4452000, internos 3206\/3188, o en el link: <strong>https:\/\/sanluis.gov.ar\/desarrollo-productivo\/<\/strong>.<\/p>\n\n\n\n<p><strong>Inclusi\u00f3n laboral<\/strong><\/p>\n\n\n\n<p>Destinada a promover la inserci\u00f3n laboral para beneficiarios de planes sociales provinciales y fomentar el trabajo registrado. Para ello, el Gobierno provincial entregar\u00e1 un Aporte No Reintegrable (ANR) durante 2 a\u00f1os a empresas que incorporen trabajadores de planes sociales (durante los primeros 12 meses, el ARN ser\u00e1 del 100%). Esta herramienta ser\u00e1 coordinada por la direcci\u00f3n de Inclusi\u00f3n Laboral, para m\u00e1s informaci\u00f3n los interesados pueden dirigirse al predio de la ex Colonia Hogar, comunicarse al 266-4452000, interno 3505, o acceder al link:<a href=\" https:\/\/sanluis.gov.ar\/desarrollo-humano\/\"> https:\/\/sanluis.gov.ar\/desarrollo-humano\/<\/a>.<\/p>\n\n\n\n<p><strong>San Luis Intensiva<\/strong><\/p>\n\n\n\n<p>Fue pensada para devolverle al predio de Sol Puntano su funci\u00f3n original como un organismo de extensi\u00f3n, investigaci\u00f3n y articulaci\u00f3n para el desarrollo productivo. Apunta a promover la producci\u00f3n intensiva de alimentos de origen vegetal y animal con capacitaciones y entrega de semillas, plantines, incubadoras y m\u00f3dulos reproductivos, gen\u00e9tica, reproductores, transferencia de tecnolog\u00eda y conocimientos, mejoras en manejos productivos, mejoras en el valor agregado, calidad e inocuidad alimentaria. Adem\u00e1s, el predio tendr\u00e1 su primera Expo San Luis Intensiva, el 19 y 20 abril pr\u00f3ximos.<\/p>\n\n\n\n<p>Esta herramienta ser\u00e1 coordinada por Sol Puntano y la direcci\u00f3n de Producci\u00f3n Familiar. Para mayor informaci\u00f3n, comunicarse con el 266-4452000, internos 4021\/3188 o en el link: <a href=\"https:\/\/sanluis.gov.ar\/desarrollo-productivo\/\">https:\/\/sanluis.gov.ar\/desarrollo-productivo\/<\/a>.<\/p>\n\n\n\n<p><strong>Cooperativas y asociativismo<\/strong><\/p>\n\n\n\n<p>Ideada para impulsar la creaci\u00f3n de cooperativas y sociedades como medio para crecer, crear nuevas fuentes de trabajo y compartir recursos y tecnolog\u00eda. Esta herramienta ser\u00e1 coordinada por la direcci\u00f3n Cooperativas y Mutuales, en sus oficinas del edificio administrativo de Ayacucho 945 de la capital. Para m\u00e1s informaci\u00f3n, comunicarse al 266-4452000, interno 3505, o en el link: <a href=\"https:\/\/sanluis.gov.ar\/desarrollo-humano\/\">https:\/\/sanluis.gov.ar\/desarrollo-humano\/<\/a>.<\/p>\n\n\n\n<p><strong>Parques y \u00e1reas industriales<\/strong><\/p>\n\n\n\n<p>Su objetivo ser\u00e1 poner en valor y recuperar parques, \u00e1reas y predios industriales con trabajos de desmalezado, cercado, seguridad preventiva y un marco legal y de convivencia para quienes radiquen all\u00ed sus emprendimientos y proyectos. Ser\u00e1 coordinada por la direcci\u00f3n Desarrollo Industrial y Energ\u00edas Sustentables. Para m\u00e1s informaci\u00f3n comunicarse al 266-4452000, interno 3035, o al link: <a href=\"https:\/\/sanluis.gov.ar\/desarrollo-productivo\/parques-industriales\/\">https:\/\/sanluis.gov.ar\/desarrollo-productivo\/parques-industriales\/<\/a>.<\/p>\n\n\n\n<p><strong>Responsabilidad empresarial econ\u00f3mica y social<\/strong><\/p>\n\n\n\n<p>Tiene como objetivo que las grandes empresas radicadas en San Luis ayuden a desarrollar a las m\u00e1s peque\u00f1as compartiendo sus conocimientos y recursos con capacitaciones, asistencias t\u00e9cnicas, pasant\u00edas, desarrollo de proveedores locales, acciones sociales y actividades p\u00fablico-privadas. Ser\u00e1 coordinada por la direcci\u00f3n Fortalecimiento de la Competitividad. Para m\u00e1s informaci\u00f3n, 266-4452000, interno 3035, o en el link: <a href=\"https:\/\/sanluis.gov.ar\/desarrollo-productivo\">https:\/\/sanluis.gov.ar\/desarrollo-productivo<\/a>\/.<\/p>\n\n\n\n<p><strong>Caminos productivos rurales<\/strong><\/p>\n\n\n\n<p>Fue pensada para crear consorcios de productores para el mantenimiento de caminos con el aporte mixto del Estado y del sector privado. Tambi\u00e9n incluir\u00e1 un programa de reactivaci\u00f3n de pozos p\u00fablicos para la puesta en valor de m\u00e1s de 170 perforaciones en todo San Luis, del entubamiento del canal 9 de Julio en el departamento Belgrano y de la puesta en marcha del acueducto del departamento San Mart\u00edn. Ser\u00e1 coordinada por la direcci\u00f3n Provincial de Vialidad y la de Desarrollo Agropecuario (Tel. 266-4452000, internos 3191\/4006).<\/p>\n\n\n\n<p><strong>Econom\u00eda circular<\/strong><\/p>\n\n\n\n<p>Tiene el objetivo de promover a los emprendimientos que aplican un modelo de producci\u00f3n novedoso y amigable con el medioambiente. Su objetivo es difundir y dinamizar ese tipo de actividad y crear un registro de Econom\u00eda Circular. Ser\u00e1 coordinada por la secretar\u00eda de Ambiente y Desarrollo Sustentable. Para m\u00e1s informaci\u00f3n comunicarse al 266-4452000, interno 3359, o visitar el link: <a href=\"https:\/\/sanluis.gov.ar\/ambiente\/\">https:\/\/sanluis.gov.ar\/ambiente\/<\/a>.<\/p>\n\n\n\n<p><strong>Log\u00edstica<\/strong><\/p>\n\n\n\n<p>Apunta a poner al servicio del sector privado recursos para abaratar costos, como la utilizaci\u00f3n de la Zona de Actividades Log\u00edsticas de Villa Mercedes, la Zona Primaria Aduanera de la capital y Villa Mercedes, y la Zona Franca Justo Daract. Tambi\u00e9n apunta a crear herramientas de producci\u00f3n y asistencia t\u00e9cnica para el comercio exterior. Su implementaci\u00f3n estar\u00e1 a cargo de la secretar\u00eda de Actividades Log\u00edsticas, que tiene su sede en el edificio administrativo de Ayacucho 945 de la capital. Para m\u00e1s informaci\u00f3n, comunicarse al 266-4452000, interno 8477, o en el link: <a href=\"https:\/\/sanluis.gov.ar\/logistica\/\">https:\/\/sanluis.gov.ar\/logistica\/<\/a>.<\/p>\n\n\n\n<p><strong>Turismo tem\u00e1tico<\/strong><\/p>\n\n\n\n<p>Ideada para generar afluencia tur\u00edstica con la creaci\u00f3n de espacios regionales para la exposici\u00f3n y venta de art\u00edculos, la promoci\u00f3n de \u2018Destino San Luis\u2019, la marca San Luis, la creaci\u00f3n de la Agencia de Promoci\u00f3n de Turismo San Luis, y el fomento del turismo de reuniones y tem\u00e1tico (deportivo, religioso, gastron\u00f3mico, etc.). Estar\u00e1 a cargo del ministerio de Turismo y Cultura, en avenida Illia 35 de la capital. Para mayor informaci\u00f3n comunicarse al 266-4452000, interno 4167, o ingresar al link: <a href=\"https:\/\/sanluis.gov.ar\/turismo-cultura\/\">https:\/\/sanluis.gov.ar\/turismo-cultura\/<\/a>.<\/p>\n\n\n\n<p><strong>Legislaci\u00f3n para el fomento a las inversiones<\/strong><\/p>\n\n\n\n<p>Est\u00e1 pensada para reunir en un digesto toda la legislaci\u00f3n provincial y nacional en materia de inversiones y reglamentar la legislaci\u00f3n que no est\u00e9 en vigencia y que tengan como objeto la promoci\u00f3n de la actividad econ\u00f3mica y la creaci\u00f3n de trabajo. Estar\u00e1 bajo la \u00f3rbita del \u00e1rea de Asesor\u00eda Legal y de las secretar\u00edas vinculadas a la actividad econ\u00f3mica provincial. Para m\u00e1s informaci\u00f3n comunicarse al 266-4452000, interno 3330, o ingresar al link: <a href=\"https:\/\/sanluis.gov.ar\/desarrollo-productivo\/fomento-inversiones\/\">https:\/\/sanluis.gov.ar\/desarrollo-productivo\/fomento-inversiones\/<\/a>.<\/p>\n\n\n\n<p><strong>Articulaci\u00f3n institucional<\/strong><\/p>\n\n\n\n<p>Su idea central es la de articular pol\u00edticas entre diferentes ministerios del Gobierno provincial y \u00e1mbitos municipales y legislativos para desburocratizar la atenci\u00f3n al sector privado. Tambi\u00e9n promover\u00e1 el contacto con universidades y organismo como el INTA, el INTI y el CONICET, entre otros. Ser\u00e1 coordinada por el Consejo Provincial Productivo. Para m\u00e1s informaci\u00f3n comunicarse con el 266-4452000, interno 3328, o en el link: <a href=\"https:\/\/sanluis.gov.ar\/desarrollo-productivo\/\">https:\/\/sanluis.gov.ar\/desarrollo-productivo\/<\/a>.<\/p>\n\n\n\n<p><strong>Consejo Federal de Inversiones<\/strong><\/p>\n\n\n\n<p>El viernes pasado, el Gobernador firm\u00f3 el proyecto de Ley para que San Luis reingrese al organismo p\u00fablico federal y que las empresas y emprendedores sanluise\u00f1os puedan acceder a sus programas de financiamiento y asistencia t\u00e9cnica. Tambi\u00e9n ser\u00e1 coordinada por el Consejo Provincial Productivo. Para m\u00e1s informaci\u00f3n comunicarse con el 266-4452000, interno 3328, o en los link: <a href=\"https:\/\/sanluis.gov.ar\/desarrollo-productivo\/ y https:\/\/www.cfi.org.ar\/\">https:\/\/sanluis.gov.ar\/desarrollo-productivo\/ y https:\/\/www.cfi.org.ar\/<\/a>.<\/p>\n\n\n\n<p><strong>Financiamiento<\/strong><\/p>\n\n\n\n<p>Tiene como objeto brindar recursos econ\u00f3micos a empresas y emprendedores para adquirir capital de trabajo, maquinarias, herramientas o instalaciones. Tendr\u00e1 dos ramas: financiamiento privado, que ser\u00e1 otorgado a empresas y emprendedores por entidades bancarias; y financiamiento p\u00fablico, con el que el Gobierno de San Luis aportar\u00e1 mil millones de pesos para cr\u00e9ditos de fomento.<\/p>\n\n\n\n<p>El financiamiento privado ser\u00e1 otorgado por bancos que operan en San Luis y que destinar\u00e1n 3.000 millones de pesos a l\u00edneas crediticias espec\u00edficas. Las entidades que ya est\u00e1n adheridas son:<\/p>\n\n\n\n<p>SGR Garantizar: www.garantizar.com.ar\/soluciones<\/p>\n\n\n\n<p>Columbia: secure.bancocolumbia.com.ar\/web\/ E-Mail: canali.pedro@bancocolumbia.com.ar<\/p>\n\n\n\n<p>Comafi: www.comafi.com.ar\/ E-Mail: Alfredo.lucero@comafi.com.ar o maria.maldonado@comafi.com.ar<\/p>\n\n\n\n<p>Galicia: www.galicia.ar\/ar E-Mail:Jose.m.gutierrez@bancogalicia.com.ar<\/p>\n\n\n\n<p>ICBC: www.icbc.com.ar\/ E-Mail: hector.bustamante@icbc.com.ar o cinthia.paillalef@icbc.com.ar<\/p>\n\n\n\n<p>Macro: www.macro.com.ar\/ E-Mail: Enzoquiroga@macro.com.ar o carlosrosales@macro.com.ar<\/p>\n\n\n\n<p>Banco Naci\u00f3n: www.bna.com.ar\/ E-Mail: 3240zof@bna.com.ar<\/p>\n\n\n\n<p>Santander: www.santander.com.ar\/ E-Mail: ndipasquale@santander.com.ar<\/p>\n\n\n\n<p>Supervielle: www.supervielle.com.ar\/ E-Mail: Pedro.Zangra@supervielle.com.ar<\/p>\n\n\n\n<p>En el caso del financiamiento p\u00fablico, el Gobierno de San Luis aportar\u00e1 otros 1.000 millones para tres l\u00edneas de cr\u00e9dito distintas. Los requisitos son que la empresa o proyecto est\u00e9 en funcionamiento como m\u00ednimo hace dos a\u00f1os, que tenga al menos dos integrantes (sin l\u00edmite de edad), y que ambos tengan dos a\u00f1os de residencia en la provincia. La devoluci\u00f3n ser\u00e1 en hasta 36 cuotas con seis meses de gracia antes del primer pago. La tasa de inter\u00e9s ser\u00e1 subsidiada al 50% sobre referencia tasa BNA.<\/p>\n\n\n\n<p>L\u00ednea 1: hasta $ 1.000.000. Requisitos: proyecto aprobado, hacer capacitaci\u00f3n y garant\u00eda a sola firma.<\/p>\n\n\n\n<p>L\u00ednea 2: hasta $ 2.000.000. Requisitos: proyecto aprobado, hacer capacitaci\u00f3n, garant\u00eda a sola firma m\u00e1s dos cartas de recomendaci\u00f3n de proveedores\/clientes.<\/p>\n\n\n\n<p>L\u00ednea 3: hasta $ 3.000.000. Requisitos: proyecto aprobado, hacer capacitaci\u00f3n, garant\u00eda personal m\u00e1s dos cartas de recomendaci\u00f3n de proveedores\/clientes y garante solidario.<\/p>\n\n\n\n<p>Las inscripciones estar\u00e1s abiertas desde este 8 de abril hasta el 27 de abril en el link: <a href=\"https:\/\/sanluis.gov.ar\/desarrollo-productivo\/financiamiento\/\">https:\/\/sanluis.gov.ar\/desarrollo-productivo\/financiamiento\/<\/a>.<\/p>\n","protected":false},"excerpt":{"rendered":"<p>El gobernador, Claudio Poggi, lanz\u00f3 estas medidas como parte del plan \u2018Mi Pr\u00f3ximo Paso\u2019 y gran parte est\u00e1n habilitadas desde este lunes.<\/p>\n","protected":false},"author":4,"featured_media":12605,"comment_status":"closed","ping_status":"closed","sticky":false,"template":"","format":"standard","meta":{"footnotes":""},"categories":[4],"tags":[],"class_list":["post-12604","post","type-post","status-publish","format-standard","has-post-thumbnail","hentry","category-la-provincia"],"_links":{"self":[{"href":"https:\/\/lavozpuntana.com\/index.php?rest_route=\/wp\/v2\/posts\/12604","targetHints":{"allow":["GET"]}}],"collection":[{"href":"https:\/\/lavozpuntana.com\/index.php?rest_route=\/wp\/v2\/posts"}],"about":[{"href":"https:\/\/lavozpuntana.com\/index.php?rest_route=\/wp\/v2\/types\/post"}],"author":[{"embeddable":true,"href":"https:\/\/lavozpuntana.com\/index.php?rest_route=\/wp\/v2\/users\/4"}],"replies":[{"embeddable":true,"href":"https:\/\/lavozpuntana.com\/index.php?rest_route=%2Fwp%2Fv2%2Fcomments&post=12604"}],"version-history":[{"count":3,"href":"https:\/\/lavozpuntana.com\/index.php?rest_route=\/wp\/v2\/posts\/12604\/revisions"}],"predecessor-version":[{"id":12609,"href":"https:\/\/lavozpuntana.com\/index.php?rest_route=\/wp\/v2\/posts\/12604\/revisions\/12609"}],"wp:featuredmedia":[{"embeddable":true,"href":"https:\/\/lavozpuntana.com\/index.php?rest_route=\/wp\/v2\/media\/12605"}],"wp:attachment":[{"href":"https:\/\/lavozpuntana.com\/index.php?rest_route=%2Fwp%2Fv2%2Fmedia&parent=12604"}],"wp:term":[{"taxonomy":"category","embeddable":true,"href":"https:\/\/lavozpuntana.com\/index.php?rest_route=%2Fwp%2Fv2%2Fcategories&post=12604"},{"taxonomy":"post_tag","embeddable":true,"href":"https:\/\/lavozpuntana.com\/index.php?rest_route=%2Fwp%2Fv2%2Ftags&post=12604"}],"curies":[{"name":"wp","href":"https:\/\/api.w.org\/{rel}","templated":true}]}}