{"id":12610,"date":"2024-04-08T15:10:48","date_gmt":"2024-04-08T18:10:48","guid":{"rendered":"https:\/\/lavozpuntana.com\/?p=12610"},"modified":"2024-04-08T15:10:50","modified_gmt":"2024-04-08T18:10:50","slug":"ya-comenzo-la-convocatoria-para-financiar-proyectos-de-emprendedores","status":"publish","type":"post","link":"https:\/\/lavozpuntana.com\/?p=12610","title":{"rendered":"YA COMENZ\u00d3 LA CONVOCATORIA PARA FINANCIAR PROYECTOS DE EMPRENDEDORES"},"content":{"rendered":"\n<figure class=\"wp-block-image size-large\"><img loading=\"lazy\" decoding=\"async\" width=\"1024\" height=\"681\" src=\"http:\/\/lavozpuntana.com\/wp-content\/uploads\/2024\/04\/WhatsApp-Image-2024-04-08-at-12.15.38-1536x1021-1-1024x681.jpeg\" alt=\"\" class=\"wp-image-12611\" srcset=\"https:\/\/lavozpuntana.com\/wp-content\/uploads\/2024\/04\/WhatsApp-Image-2024-04-08-at-12.15.38-1536x1021-1-1024x681.jpeg 1024w, https:\/\/lavozpuntana.com\/wp-content\/uploads\/2024\/04\/WhatsApp-Image-2024-04-08-at-12.15.38-1536x1021-1-300x199.jpeg 300w, https:\/\/lavozpuntana.com\/wp-content\/uploads\/2024\/04\/WhatsApp-Image-2024-04-08-at-12.15.38-1536x1021-1-768x511.jpeg 768w, https:\/\/lavozpuntana.com\/wp-content\/uploads\/2024\/04\/WhatsApp-Image-2024-04-08-at-12.15.38-1536x1021-1.jpeg 1536w\" sizes=\"auto, (max-width: 1024px) 100vw, 1024px\" \/><\/figure>\n\n\n\n<p><strong>El dinero deber\u00e1 estar destinado a la compra de capital de trabajo, maquinarias, herramientas e instalaciones. Los interesados tendr\u00e1n tiempo para inscribirse hasta el 27 de abril y deber\u00e1n cumplir con una serie de requisitos.<\/strong><\/p>\n\n\n\n<p>Este lunes, el ministerio de Desarrollo Productivo lanz\u00f3 la convocatoria para que, algunos proyectos que est\u00e9n en funcionamiento puedan acceder a un financiamiento p\u00fablico. Este beneficio surge a ra\u00edz del anuncio del gobernador Claudio Poggi en la presentaci\u00f3n de \u2018Mi pr\u00f3ximo Paso\u2019, una iniciativa que est\u00e1 dirigida al sector privado de toda la provincia, para que comience a generar mano de obra genuina.<\/p>\n\n\n\n<p>Para acceder a este financiamiento p\u00fablico, que est\u00e1 destinado a la compra de capital de trabajo, maquinarias, herramientas e instalaciones, los requisitos para anotarse son: m\u00ednimo dos integrantes por proyecto, sin l\u00edmite de edad; y un m\u00ednimo de dos a\u00f1os de residencia en la provincia y el mismo plazo regir\u00e1 para tener en marcha la actividad.<\/p>\n\n\n\n<p>Las inscripciones se realizan en el siguiente formulario.<\/p>\n\n\n\n<p>El monto total de financiamiento ser\u00e1 de $4.000 millones para el a\u00f1o 2024, conformados por:<\/p>\n\n\n\n<p>Sector P\u00fablico \u2013 Gobierno de San Luis = $1000 millones; y Bancos otros $3000 millones. Las entidades bancarias que se adhieren con propuestas para Pymes de San Luis son: Columbia, Comafi, Galicia, ICBC, Macro, Naci\u00f3n, Santander y Supervielle.<\/p>\n\n\n\n<p>La devoluci\u00f3n ser\u00e1 hasta en 36 cuotas con hasta 6 meses de gracia y tendr\u00e1n una tasa de inter\u00e9s del 50% subsidiada sobre referencia tasa BNA.<\/p>\n\n\n\n<p>Con respecto a los requisitos para cada l\u00edmite, los beneficiarios podr\u00e1n elegir entre tres l\u00edneas de cr\u00e9ditos:<\/p>\n\n\n\n<p>L\u00ednea 1: hasta $ 1.000.000 (proyecto aprobado, hacer capacitaci\u00f3n y garant\u00eda a sola firma).<\/p>\n\n\n\n<p>L\u00ednea 2: hasta $ 2.000.000 (proyecto aprobado, hacer capacitaci\u00f3n, garant\u00eda a sola firma, m\u00e1s dos cartas de recomendaci\u00f3n de proveedores\/clientes).<\/p>\n\n\n\n<p>L\u00ednea 3: hasta $ 3.000.000 (proyecto aprobado, hacer capacitaci\u00f3n, garant\u00eda personal, m\u00e1s dos cartas de recomendaci\u00f3n de proveedores\/clientes y garante solidario).<\/p>\n\n\n\n<p>Las garant\u00edas para financiar el proyecto pueden solicitarse a la SGR-Garantizar: https:\/\/www.garantizar.com.ar\/soluciones.<\/p>\n\n\n\n<p>El cronograma de actividades y fechas es el siguiente:<\/p>\n\n\n\n<p>Inscripciones: 8 de abril hasta el 27 de abril.<\/p>\n\n\n\n<p>Capacitaci\u00f3n: 29 de abril al 11 de mayo.<\/p>\n\n\n\n<p>Formulaci\u00f3n de Proyecto: 29 de abril al 18 de mayo.<\/p>\n\n\n\n<p>Evaluaci\u00f3n: 20 de mayo al 1\u00b0 de junio.<\/p>\n\n\n\n<p>Convenios Mutuos y Actos Administrativos: 1\u00ba al 10 de junio.<\/p>\n\n\n\n<p>Financiamientos: 10 de junio al 29 de junio.<\/p>\n\n\n\n<p>Puesta en Marcha de proyectos: 10 de junio al 31 de agosto.<\/p>\n\n\n\n<p>Vinculaciones y \u2018Compre San Luis\u2019<\/p>\n\n\n\n<p>Son herramientas virtuales para la oferta de productos y servicios hechos en la provincia de San Luis para promover las vinculaciones a nivel de la provincia, el pa\u00eds y el mundo. Quien est\u00e9 interesado puede anotarse y explorar la plataforma https:\/\/compre.sanluis.gov.ar\/.<\/p>\n\n\n\n<p>El objetivo de esta iniciativa es mejorar la capacidad de hacer negocios y la rentabilidad de los emprendimientos radicados en la provincia. A su vez, busca fortalecer el tejido econ\u00f3mico, aumentando los v\u00ednculos y negocios mediante el desarrollo de proveedores locales.<\/p>\n\n\n\n<p>Se buscar\u00e1 priorizar la incorporaci\u00f3n al sistema de compra del Estado provincial, promocionando negocios de manera presencial, mediante rondas empresariales, congresos y viajes para incrementar las ventas de productos locales.<\/p>\n","protected":false},"excerpt":{"rendered":"<p>El dinero deber\u00e1 estar destinado a la compra de capital de trabajo, maquinarias, herramientas e instalaciones. Los interesados tendr\u00e1n tiempo para inscribirse hasta el 27 de abril y deber\u00e1n cumplir con una serie de requisitos.<\/p>\n","protected":false},"author":4,"featured_media":12611,"comment_status":"closed","ping_status":"closed","sticky":false,"template":"","format":"standard","meta":{"footnotes":""},"categories":[4],"tags":[],"class_list":["post-12610","post","type-post","status-publish","format-standard","has-post-thumbnail","hentry","category-la-provincia"],"_links":{"self":[{"href":"https:\/\/lavozpuntana.com\/index.php?rest_route=\/wp\/v2\/posts\/12610","targetHints":{"allow":["GET"]}}],"collection":[{"href":"https:\/\/lavozpuntana.com\/index.php?rest_route=\/wp\/v2\/posts"}],"about":[{"href":"https:\/\/lavozpuntana.com\/index.php?rest_route=\/wp\/v2\/types\/post"}],"author":[{"embeddable":true,"href":"https:\/\/lavozpuntana.com\/index.php?rest_route=\/wp\/v2\/users\/4"}],"replies":[{"embeddable":true,"href":"https:\/\/lavozpuntana.com\/index.php?rest_route=%2Fwp%2Fv2%2Fcomments&post=12610"}],"version-history":[{"count":1,"href":"https:\/\/lavozpuntana.com\/index.php?rest_route=\/wp\/v2\/posts\/12610\/revisions"}],"predecessor-version":[{"id":12612,"href":"https:\/\/lavozpuntana.com\/index.php?rest_route=\/wp\/v2\/posts\/12610\/revisions\/12612"}],"wp:featuredmedia":[{"embeddable":true,"href":"https:\/\/lavozpuntana.com\/index.php?rest_route=\/wp\/v2\/media\/12611"}],"wp:attachment":[{"href":"https:\/\/lavozpuntana.com\/index.php?rest_route=%2Fwp%2Fv2%2Fmedia&parent=12610"}],"wp:term":[{"taxonomy":"category","embeddable":true,"href":"https:\/\/lavozpuntana.com\/index.php?rest_route=%2Fwp%2Fv2%2Fcategories&post=12610"},{"taxonomy":"post_tag","embeddable":true,"href":"https:\/\/lavozpuntana.com\/index.php?rest_route=%2Fwp%2Fv2%2Ftags&post=12610"}],"curies":[{"name":"wp","href":"https:\/\/api.w.org\/{rel}","templated":true}]}}