{"id":12625,"date":"2024-04-08T23:57:09","date_gmt":"2024-04-09T02:57:09","guid":{"rendered":"https:\/\/lavozpuntana.com\/?p=12625"},"modified":"2024-04-08T23:57:11","modified_gmt":"2024-04-09T02:57:11","slug":"en-pocos-dias-inauguraran-tres-nuevos-centros-de-desarrollo-infantil","status":"publish","type":"post","link":"https:\/\/lavozpuntana.com\/?p=12625","title":{"rendered":"EN POCOS D\u00cdAS INAUGURAR\u00c1N TRES NUEVOS CENTROS DE DESARROLLO INFANTIL"},"content":{"rendered":"\n<figure class=\"wp-block-image size-large\"><img decoding=\"async\" src=\"http:\/\/lavozpuntana.com\/wp-content\/uploads\/2024\/04\/WhatsApp-Image-2024-04-08-at-18.56.57-1536x1023-1-1024x682.jpeg\" alt=\"\" class=\"wp-image-12626\"\/><\/figure>\n\n\n\n<p><strong>La ministra de Desarrollo Humano, M\u00f3nica Becerra, anticip\u00f3 la apertura de nuevos establecimientos en distintos puntos estrat\u00e9gicos de la ciudad de San Luis: en los barrios Amppya y Nueve de Julio y donde iba a funcionar la Comisar\u00eda de la Mujer.<\/strong><\/p>\n\n\n\n<p>Una de las pol\u00edticas de bandera de la gesti\u00f3n del gobernador Claudio Poggi son los centros de desarrollo infantil, una iniciativa que viene a reemplazar el antiguo concepto del jard\u00edn maternal, habilitando un espacio formativo y recreativo para que las familias puedan dejar a sus ni\u00f1os, de 45 d\u00edas a 3 a\u00f1os.<\/p>\n\n\n\n<p>Este lunes por la tarde, la ministro de Desarrollo Humano, M\u00f3nica Becerra, brind\u00f3 detalles sobre los recientes espacios destinados al desarrollo y formaci\u00f3n de los peque\u00f1os, as\u00ed como tambi\u00e9n los pr\u00f3ximos a abrir.<\/p>\n\n\n\n<p>\u201cHemos inaugurado el CDI en el barrio Per\u00f3n de Villa Mercedes el pasado viernes\u201d, record\u00f3 la funcionaria, quien se\u00f1al\u00f3 que \u201cdentro de muy poquitos d\u00edas\u201d se inaugurar\u00e1n tres nuevos establecimientos: uno en el barrio Amppya -que se llamar\u00e1 \u2018Arco\u00edris II\u2019-, otro en el barrio 9 de Julio y un tercero en el edificio donde iba a funcionar la Comisar\u00eda de la Mujer, en inmediaciones de la plaza 9 de Julio.<\/p>\n\n\n\n<p>Un CDI para los hijos de polic\u00edas y los vecinos de la zona<\/p>\n\n\n\n<p>Sobre este \u00faltimo, Becerra se\u00f1al\u00f3 que el establecimiento es \u201csumamente apropiado para poder tener a los peque\u00f1itos ah\u00ed\u201d, y ofrecer\u00e1 una gran ayuda a todos los agentes de seguridad. \u201cLa verdad es que el personal policial tiene horarios bastante complicados y muchas veces se le dificulta poder dejar el cuidado de los ni\u00f1os a alguien\u201d, argument\u00f3 la Ministro.<\/p>\n\n\n\n<p>Se cambiar\u00e1n de lugar las mesadas, que tienen que estar m\u00e1s bajas, y los sanitarios tambi\u00e9n tienen que estar adaptados a los ni\u00f1os. \u201cTenemos que solucionar algunas cuestiones en cuanto a la cocina, pero son todos temas que en poquito tiempo los vamos a tener listos\u201d, concluy\u00f3.<\/p>\n","protected":false},"excerpt":{"rendered":"<p>La ministra de Desarrollo Humano, M\u00f3nica Becerra, anticip\u00f3 la apertura de nuevos establecimientos en distintos puntos estrat\u00e9gicos de la ciudad de San Luis: en los barrios Amppya y Nueve de Julio y donde iba a funcionar la Comisar\u00eda de la Mujer.<\/p>\n","protected":false},"author":4,"featured_media":0,"comment_status":"closed","ping_status":"closed","sticky":false,"template":"","format":"standard","meta":{"footnotes":""},"categories":[4],"tags":[],"class_list":["post-12625","post","type-post","status-publish","format-standard","hentry","category-la-provincia"],"_links":{"self":[{"href":"https:\/\/lavozpuntana.com\/index.php?rest_route=\/wp\/v2\/posts\/12625","targetHints":{"allow":["GET"]}}],"collection":[{"href":"https:\/\/lavozpuntana.com\/index.php?rest_route=\/wp\/v2\/posts"}],"about":[{"href":"https:\/\/lavozpuntana.com\/index.php?rest_route=\/wp\/v2\/types\/post"}],"author":[{"embeddable":true,"href":"https:\/\/lavozpuntana.com\/index.php?rest_route=\/wp\/v2\/users\/4"}],"replies":[{"embeddable":true,"href":"https:\/\/lavozpuntana.com\/index.php?rest_route=%2Fwp%2Fv2%2Fcomments&post=12625"}],"version-history":[{"count":1,"href":"https:\/\/lavozpuntana.com\/index.php?rest_route=\/wp\/v2\/posts\/12625\/revisions"}],"predecessor-version":[{"id":12627,"href":"https:\/\/lavozpuntana.com\/index.php?rest_route=\/wp\/v2\/posts\/12625\/revisions\/12627"}],"wp:attachment":[{"href":"https:\/\/lavozpuntana.com\/index.php?rest_route=%2Fwp%2Fv2%2Fmedia&parent=12625"}],"wp:term":[{"taxonomy":"category","embeddable":true,"href":"https:\/\/lavozpuntana.com\/index.php?rest_route=%2Fwp%2Fv2%2Fcategories&post=12625"},{"taxonomy":"post_tag","embeddable":true,"href":"https:\/\/lavozpuntana.com\/index.php?rest_route=%2Fwp%2Fv2%2Ftags&post=12625"}],"curies":[{"name":"wp","href":"https:\/\/api.w.org\/{rel}","templated":true}]}}