{"id":13097,"date":"2024-05-13T00:10:43","date_gmt":"2024-05-13T03:10:43","guid":{"rendered":"https:\/\/lavozpuntana.com\/?p=13097"},"modified":"2024-05-13T00:10:44","modified_gmt":"2024-05-13T03:10:44","slug":"villa-mercedes-detuvieron-a-un-conductor-alcoholizado-tras-embestir-a-un-movil-policial-que-asistia-en-un-accidente","status":"publish","type":"post","link":"https:\/\/lavozpuntana.com\/?p=13097","title":{"rendered":"VILLA MERCEDES: DETUVIERON A UN CONDUCTOR ALCOHOLIZADO TRAS EMBESTIR A UN M\u00d3VIL POLICIAL QUE ASIST\u00cdA EN UN ACCIDENTE"},"content":{"rendered":"\n<figure class=\"wp-block-image size-large\"><img loading=\"lazy\" decoding=\"async\" width=\"1024\" height=\"778\" src=\"http:\/\/lavozpuntana.com\/wp-content\/uploads\/2024\/05\/WhatsApp-Image-2024-05-12-at-22.42.40-1024x778.jpeg\" alt=\"\" class=\"wp-image-13098\" srcset=\"https:\/\/lavozpuntana.com\/wp-content\/uploads\/2024\/05\/WhatsApp-Image-2024-05-12-at-22.42.40-1024x778.jpeg 1024w, https:\/\/lavozpuntana.com\/wp-content\/uploads\/2024\/05\/WhatsApp-Image-2024-05-12-at-22.42.40-300x228.jpeg 300w, https:\/\/lavozpuntana.com\/wp-content\/uploads\/2024\/05\/WhatsApp-Image-2024-05-12-at-22.42.40-768x583.jpeg 768w, https:\/\/lavozpuntana.com\/wp-content\/uploads\/2024\/05\/WhatsApp-Image-2024-05-12-at-22.42.40.jpeg 1077w\" sizes=\"auto, (max-width: 1024px) 100vw, 1024px\" \/><\/figure>\n\n\n\n<p><strong>Efectivos de la Divisi\u00f3n Respuesta Inmediata Motorizada (DRIM) demoraron a un hombre que conduc\u00eda alcoholizado por las calles de la ciudad de Villa Mercedes.<\/strong><\/p>\n\n\n\n<p>En la esquina de las calles Madre Cabrini y General Paz se hab\u00eda producido un accidente de tr\u00e1nsito entre un auto Fiat Siena -conducido por un hombre de 43 a\u00f1os de edad- y una moto Zanella RX -conducida por un hombre de 22 a\u00f1os de edad-. Ambos individuos fueron trasladados por una ambulancia del Sempro al Policl\u00ednico \u201cJuan Domingo Per\u00f3n\u201d para una mejor atenci\u00f3n m\u00e9dica.<\/p>\n\n\n\n<p>Mientras en el lugar se llevaban a cabo los trabajos por parte de personal de Accidentolog\u00eda Vial, efectivos del DRIM realizaban un corte de calle en General Paz y Jujuy.<\/p>\n\n\n\n<p>En ese momento, un hombre de 28 a\u00f1os de edad, a bordo de un auto Nissan Tiida, circulaba a contramano por General Paz y embisti\u00f3 a una moto de la Polic\u00eda que realizaba el corte de la calle. Tras ello, el sujeto intent\u00f3 darse a la fuga, transitando tambi\u00e9n a contramano por otras calles de la zona, pero fue interceptado por personal del DRIM en la intersecci\u00f3n de las calles Gobernador Alric y Belgrano.<\/p>\n\n\n\n<p>Personal de Accidentolog\u00eda Vial le realiz\u00f3 la prueba de alcoholemia al hombre, arrojando como resultado 1,20 gr\/lts de alcohol en sangre, por lo que fue detenido y trasladado a la Comisar\u00eda Seccional 9\u00b0 por orden de la Fiscal\u00eda de Instrucci\u00f3n de turno.<\/p>\n\n\n\n<p>Cabe se\u00f1alar que la agente policial que estaba en el lugar del corte junto a la moto result\u00f3 sin lesiones f\u00edsicas, ya que solamente la motocicleta recibi\u00f3 el impacto del veh\u00edculo.<\/p>\n\n\n\n<p>La causa est\u00e1 caratulada como \u201cAveriguaci\u00f3n da\u00f1os a bienes del Estado y resistencia a la autoridad \u201d, a cargo de la fiscal de turno, Dra. Daniela Torres.<\/p>\n","protected":false},"excerpt":{"rendered":"<p>Efectivos de la Divisi\u00f3n Respuesta Inmediata Motorizada (DRIM) demoraron a un hombre que conduc\u00eda alcoholizado por las calles de la ciudad de Villa Mercedes.<\/p>\n","protected":false},"author":4,"featured_media":13098,"comment_status":"closed","ping_status":"closed","sticky":false,"template":"","format":"standard","meta":{"footnotes":""},"categories":[4],"tags":[],"class_list":["post-13097","post","type-post","status-publish","format-standard","has-post-thumbnail","hentry","category-la-provincia"],"_links":{"self":[{"href":"https:\/\/lavozpuntana.com\/index.php?rest_route=\/wp\/v2\/posts\/13097","targetHints":{"allow":["GET"]}}],"collection":[{"href":"https:\/\/lavozpuntana.com\/index.php?rest_route=\/wp\/v2\/posts"}],"about":[{"href":"https:\/\/lavozpuntana.com\/index.php?rest_route=\/wp\/v2\/types\/post"}],"author":[{"embeddable":true,"href":"https:\/\/lavozpuntana.com\/index.php?rest_route=\/wp\/v2\/users\/4"}],"replies":[{"embeddable":true,"href":"https:\/\/lavozpuntana.com\/index.php?rest_route=%2Fwp%2Fv2%2Fcomments&post=13097"}],"version-history":[{"count":1,"href":"https:\/\/lavozpuntana.com\/index.php?rest_route=\/wp\/v2\/posts\/13097\/revisions"}],"predecessor-version":[{"id":13099,"href":"https:\/\/lavozpuntana.com\/index.php?rest_route=\/wp\/v2\/posts\/13097\/revisions\/13099"}],"wp:featuredmedia":[{"embeddable":true,"href":"https:\/\/lavozpuntana.com\/index.php?rest_route=\/wp\/v2\/media\/13098"}],"wp:attachment":[{"href":"https:\/\/lavozpuntana.com\/index.php?rest_route=%2Fwp%2Fv2%2Fmedia&parent=13097"}],"wp:term":[{"taxonomy":"category","embeddable":true,"href":"https:\/\/lavozpuntana.com\/index.php?rest_route=%2Fwp%2Fv2%2Fcategories&post=13097"},{"taxonomy":"post_tag","embeddable":true,"href":"https:\/\/lavozpuntana.com\/index.php?rest_route=%2Fwp%2Fv2%2Ftags&post=13097"}],"curies":[{"name":"wp","href":"https:\/\/api.w.org\/{rel}","templated":true}]}}