{"id":13105,"date":"2024-05-13T00:19:56","date_gmt":"2024-05-13T03:19:56","guid":{"rendered":"https:\/\/lavozpuntana.com\/?p=13105"},"modified":"2024-05-13T00:19:57","modified_gmt":"2024-05-13T03:19:57","slug":"ley-de-bases-y-paquete-fiscal-el-senado-retoma-el-tratamiento-en-comision","status":"publish","type":"post","link":"https:\/\/lavozpuntana.com\/?p=13105","title":{"rendered":"LEY DE BASES Y PAQUETE FISCAL: EL SENADO RETOMA EL TRATAMIENTO EN COMISI\u00d3N"},"content":{"rendered":"\n<figure class=\"wp-block-image size-full\"><img loading=\"lazy\" decoding=\"async\" width=\"972\" height=\"720\" src=\"http:\/\/lavozpuntana.com\/wp-content\/uploads\/2024\/05\/image-1145.png\" alt=\"\" class=\"wp-image-13106\" srcset=\"https:\/\/lavozpuntana.com\/wp-content\/uploads\/2024\/05\/image-1145.png 972w, https:\/\/lavozpuntana.com\/wp-content\/uploads\/2024\/05\/image-1145-300x222.png 300w, https:\/\/lavozpuntana.com\/wp-content\/uploads\/2024\/05\/image-1145-768x569.png 768w\" sizes=\"auto, (max-width: 972px) 100vw, 972px\" \/><\/figure>\n\n\n\n<p><strong>Los planes del oficialismo, que aspiraba a conseguir un dictamen expr\u00e9s, quedaron enterrados y el ritmo de ambos proyectos en la C\u00e1mara alta lo impusieron los bloques dialoguistas.<\/strong><\/p>\n\n\n\n<p>El Senado de la Naci\u00f3n retomar\u00e1 este lunes a las 15 el tratamiento de la ley de Bases y el paquete fiscal, luego de haber entrado en cuarto intermedio el jueves pasado. Lo har\u00e1 con la reuni\u00f3n plenaria de las comisiones de Legislaci\u00f3n General, de Presupuesto y Hacienda y de Asuntos Constitucionales.<\/p>\n\n\n\n<p>Los planes del oficialismo, que aspiraba a conseguir un dictamen expr\u00e9s, quedaron enterrados y el ritmo de ambos proyectos en la C\u00e1mara alta lo impusieron los bloques dialoguistas, algo que -parece- haber sorprendido a propios y extra\u00f1os.<\/p>\n\n\n\n<p>Sin embargo, las luces de alerta siempre estuvieron ya que el Senado, en este caso, se apresta a ser c\u00e1mara revisora de las iniciativas y fue notoria la falta de pol\u00edtica con los l\u00edderes de los bloques.<\/p>\n\n\n\n<p>Este nuevo contexto, hizo que el dictamen que le permita a La Libertad Avanza llegar al recinto sea una verdadera inc\u00f3gnita. De no extenderse m\u00e1s all\u00e1 de esta semana, reci\u00e9n podr\u00edan desembarcar en el hemiciclo senatorial el jueves 23 de mayo, a solo dos d\u00edas del Pacto de Mayo convocado por el presidente Javier Milei para el 25, en la ciudad de C\u00f3rdoba.<\/p>\n\n\n\n<p>El jueves, a trav\u00e9s del presidente Provisional del Senado, Bartolom\u00e9 Abdala, reconoci\u00f3 que aceptaron la nota enviada por el kirchnerismo en la que pidi\u00f3 la inclusi\u00f3n de nuevos expositores sin dar detalles de qui\u00e9nes.<\/p>\n\n\n\n<p>La senadora Juliana Di Tullio ya hab\u00eda anticipado un d\u00eda antes, el mi\u00e9rcoles, que pedir\u00eda la visita de la CGT, las dos CTA y la OIT al plenario. Luego de la intervenci\u00f3n de Abdala, un grupo de senadores pidi\u00f3 que se ampl\u00ede el tiempo para a\u00f1adir expositores a esa lista, que ser\u00eda reducida a cinco por bloque.<\/p>\n\n\n\n<p>Los puntos m\u00e1s golpeados de la primera semana de la ley de Bases y el paquete fiscal, y que dejaron entrever un sinf\u00edn de modificaciones en cap\u00edtulos clave, fueron: R\u00e9gimen de Incentivos para Grandes Inversiones (RIGI), Ganancias, nuevo blanqueo de capitales, moratoria, reforma laboral.&nbsp;<\/p>\n\n\n\n<p>El calendario le jugar\u00e1 una mala pasada al oficialismo en este sentido, ya que el mi\u00e9rcoles 15 expondr\u00e1 -por primera vez- en el recinto su informe de gesti\u00f3n el jefe de Gabinete, Nicol\u00e1s Posse.<\/p>\n","protected":false},"excerpt":{"rendered":"<p>Los planes del oficialismo, que aspiraba a conseguir un dictamen expr\u00e9s, quedaron enterrados y el ritmo de ambos proyectos en la C\u00e1mara alta lo impusieron los bloques dialoguistas.<\/p>\n","protected":false},"author":4,"featured_media":13106,"comment_status":"closed","ping_status":"closed","sticky":false,"template":"","format":"standard","meta":{"footnotes":""},"categories":[5],"tags":[],"class_list":["post-13105","post","type-post","status-publish","format-standard","has-post-thumbnail","hentry","category-el-pais"],"_links":{"self":[{"href":"https:\/\/lavozpuntana.com\/index.php?rest_route=\/wp\/v2\/posts\/13105","targetHints":{"allow":["GET"]}}],"collection":[{"href":"https:\/\/lavozpuntana.com\/index.php?rest_route=\/wp\/v2\/posts"}],"about":[{"href":"https:\/\/lavozpuntana.com\/index.php?rest_route=\/wp\/v2\/types\/post"}],"author":[{"embeddable":true,"href":"https:\/\/lavozpuntana.com\/index.php?rest_route=\/wp\/v2\/users\/4"}],"replies":[{"embeddable":true,"href":"https:\/\/lavozpuntana.com\/index.php?rest_route=%2Fwp%2Fv2%2Fcomments&post=13105"}],"version-history":[{"count":1,"href":"https:\/\/lavozpuntana.com\/index.php?rest_route=\/wp\/v2\/posts\/13105\/revisions"}],"predecessor-version":[{"id":13107,"href":"https:\/\/lavozpuntana.com\/index.php?rest_route=\/wp\/v2\/posts\/13105\/revisions\/13107"}],"wp:featuredmedia":[{"embeddable":true,"href":"https:\/\/lavozpuntana.com\/index.php?rest_route=\/wp\/v2\/media\/13106"}],"wp:attachment":[{"href":"https:\/\/lavozpuntana.com\/index.php?rest_route=%2Fwp%2Fv2%2Fmedia&parent=13105"}],"wp:term":[{"taxonomy":"category","embeddable":true,"href":"https:\/\/lavozpuntana.com\/index.php?rest_route=%2Fwp%2Fv2%2Fcategories&post=13105"},{"taxonomy":"post_tag","embeddable":true,"href":"https:\/\/lavozpuntana.com\/index.php?rest_route=%2Fwp%2Fv2%2Ftags&post=13105"}],"curies":[{"name":"wp","href":"https:\/\/api.w.org\/{rel}","templated":true}]}}