{"id":13139,"date":"2024-05-15T14:55:44","date_gmt":"2024-05-15T17:55:44","guid":{"rendered":"https:\/\/lavozpuntana.com\/?p=13139"},"modified":"2024-05-15T14:55:44","modified_gmt":"2024-05-15T17:55:44","slug":"san-luis-sera-sede-de-las-jornadas-sobre-cooperativismo-y-mutualismo-educacional","status":"publish","type":"post","link":"https:\/\/lavozpuntana.com\/?p=13139","title":{"rendered":"SAN LUIS SER\u00c1 SEDE DE LAS JORNADAS SOBRE COOPERATIVISMO Y MUTUALISMO EDUCACIONAL"},"content":{"rendered":"\n<figure class=\"wp-block-image size-large\"><img loading=\"lazy\" decoding=\"async\" width=\"1024\" height=\"681\" src=\"http:\/\/lavozpuntana.com\/wp-content\/uploads\/2024\/05\/WhatsApp-Image-2024-05-15-at-11.39.32-1536x1021-1-1024x681.jpeg\" alt=\"\" class=\"wp-image-13140\" srcset=\"https:\/\/lavozpuntana.com\/wp-content\/uploads\/2024\/05\/WhatsApp-Image-2024-05-15-at-11.39.32-1536x1021-1-1024x681.jpeg 1024w, https:\/\/lavozpuntana.com\/wp-content\/uploads\/2024\/05\/WhatsApp-Image-2024-05-15-at-11.39.32-1536x1021-1-300x199.jpeg 300w, https:\/\/lavozpuntana.com\/wp-content\/uploads\/2024\/05\/WhatsApp-Image-2024-05-15-at-11.39.32-1536x1021-1-768x511.jpeg 768w, https:\/\/lavozpuntana.com\/wp-content\/uploads\/2024\/05\/WhatsApp-Image-2024-05-15-at-11.39.32-1536x1021-1.jpeg 1536w\" sizes=\"auto, (max-width: 1024px) 100vw, 1024px\" \/><\/figure>\n\n\n\n<p><strong>El 4, 5 y 6 de julio, en el Centro de Convenciones de La Punta, tendr\u00e1n lugar las 19\u00b0 Jornadas Nacionales y 13\u00b0 del Mercosur, y el 5\u00b0 Encuentro Latinoamericano \u2018Cuyo nos espera\u2019, donde se impulsar\u00e1 en conjunto una educaci\u00f3n en valores, base para un desarrollo comunitario sostenible. Este evento es organizado entre el Gobierno provincial, el Instituto Nacional de Asociativismo y Econom\u00eda Social y la C\u00e9lula Argentina y Latinoamericana de Cooperativismo y Mutualismo Educacional.<\/strong><\/p>\n\n\n\n<p>El flamante ministro de Desarrollo Humano, Gustavo Bertolini, anunci\u00f3 en conferencia de prensa unas jornadas que recibir\u00e1 San Luis y en las que se hablar\u00e1 de cooperativos y mutualismo educacional. \u201cEstamos convencidos de que el cooperativismo y el mutualismo son herramientas fundamentales para el desarrollo local y regional y el hecho de que vengan a nuestra provincia docentes de todo el pa\u00eds que se dedican a ense\u00f1ar el cooperativismo en las escuelas nos parece realmente relevante, son herramientas pedag\u00f3gicas muy \u00fatiles y necesarias para la ense\u00f1anza de estos temas y lograr as\u00ed que, cuando el joven llega a una edad en la cual debe insertarse laboralmente, cuente con esto y haya aprendido en su formaci\u00f3n inicial c\u00f3mo se maneja, qu\u00e9 es una cooperativa o una mutual. Es una pol\u00edtica de Estado impulsar y apoyar este tipo de actividades\u201d.<\/p>\n\n\n\n<p>La presidenta de la C\u00e9lula de Am\u00e9rica Latina de Cooperativismo y Mutualismo Escolar (Calcme), la ingeniera agr\u00f3noma de Corrientes, Silvia Recalde, cont\u00f3 que proviene de una organizaci\u00f3n no gubernamental que comprende desde M\u00e9xico hasta el sur del continente americano. Se constituy\u00f3 en el 1991 en la provincia de C\u00f3rdoba \u201cy desde ah\u00ed hemos transitado casi todo el territorio nacional, pa\u00edses del Mercosur y Latinoam\u00e9rica, sembrando las semillas de la cooperaci\u00f3n\u201d.<\/p>\n\n\n\n<p>Puntualmente, en alusi\u00f3n a las jornadas, indic\u00f3: \u201cNos re\u00fane a todos aquellos docentes, dirigentes y otras personas que les interese el tema, pero b\u00e1sicamente es el evento m\u00e1s importante y trascendental, multidisciplinario, que garantiza la calidad educativa. Porque educar para la cooperaci\u00f3n es educar en valores. Y es lo que precisamente hoy la sociedad toda est\u00e1 necesitando, ese rescate de valores para humanizar la sociedad, para humanizar el mundo\u201d.<\/p>\n\n\n\n<p>Por \u00faltimo, destac\u00f3 que se realizan en conjunto con el Gobierno de San Luis, \u201cque nos ha abierto las puertas, porque es la primera vez que se trabajar\u00e1n estos contenidos para el sistema educativo formal y no formal. Para nosotros es una gran satisfacci\u00f3n, es una celebraci\u00f3n que hoy podamos estar conjuntamente con el ministerio de Desarrollo Humano\u201d.<\/p>\n\n\n\n<p>Los destinatarios ser\u00e1n docentes, docentes gu\u00edas, que son aquellos que tienen la responsabilidad de orientar a las cooperativas y mutuales en las escuelas, tambi\u00e9n a dirigentes cooperativos. Cuentan con puntaje, tiene una carga horaria de 28 horas reloj, por lo tanto cada provincia con las resoluciones pertinentes de su inter\u00e9s educativo, podr\u00e1 certificar esta capacitaci\u00f3n.<\/p>\n\n\n\n<p>La licenciada Lidia Acu\u00f1a, prosecretaria de la Calcme (Santiago del Estero), agreg\u00f3 que expondr\u00e1n ejes tem\u00e1ticos para trabajar en cada uno de los niveles educativos. \u201cContaremos con el aporte de las universidades en la formaci\u00f3n cooperativa mutual y trabajaremos los valores como base de desarrollo territorial y la posibilidad de localizarlos desde la realidad en donde viven y la articulaci\u00f3n con las escuelas, con los ni\u00f1os y docentes en base a la comunidad en donde estamos insertos\u201d. Adem\u00e1s, se abordar\u00e1 el desarrollo en inteligencia artificial y el uso de las redes, todo a partir de ponencias y talleres de diferentes pa\u00edses para intercambiar experiencias. Para m\u00e1s informaci\u00f3n se pueden contactar a calcme2015@gmail.com.<\/p>\n","protected":false},"excerpt":{"rendered":"<p>El 4, 5 y 6 de julio, en el Centro de Convenciones de La Punta, tendr\u00e1n lugar las 19\u00b0 Jornadas Nacionales y 13\u00b0 del Mercosur, y el 5\u00b0 Encuentro Latinoamericano \u2018Cuyo nos espera\u2019, donde se impulsar\u00e1 en conjunto una educaci\u00f3n en valores, base para un desarrollo comunitario sostenible. Este evento es organizado entre el Gobierno provincial, el Instituto Nacional de Asociativismo y Econom\u00eda Social y la C\u00e9lula Argentina y Latinoamericana de Cooperativismo y Mutualismo Educacional.<\/p>\n","protected":false},"author":4,"featured_media":13140,"comment_status":"closed","ping_status":"closed","sticky":false,"template":"","format":"standard","meta":{"footnotes":""},"categories":[4],"tags":[],"class_list":["post-13139","post","type-post","status-publish","format-standard","has-post-thumbnail","hentry","category-la-provincia"],"_links":{"self":[{"href":"https:\/\/lavozpuntana.com\/index.php?rest_route=\/wp\/v2\/posts\/13139","targetHints":{"allow":["GET"]}}],"collection":[{"href":"https:\/\/lavozpuntana.com\/index.php?rest_route=\/wp\/v2\/posts"}],"about":[{"href":"https:\/\/lavozpuntana.com\/index.php?rest_route=\/wp\/v2\/types\/post"}],"author":[{"embeddable":true,"href":"https:\/\/lavozpuntana.com\/index.php?rest_route=\/wp\/v2\/users\/4"}],"replies":[{"embeddable":true,"href":"https:\/\/lavozpuntana.com\/index.php?rest_route=%2Fwp%2Fv2%2Fcomments&post=13139"}],"version-history":[{"count":1,"href":"https:\/\/lavozpuntana.com\/index.php?rest_route=\/wp\/v2\/posts\/13139\/revisions"}],"predecessor-version":[{"id":13141,"href":"https:\/\/lavozpuntana.com\/index.php?rest_route=\/wp\/v2\/posts\/13139\/revisions\/13141"}],"wp:featuredmedia":[{"embeddable":true,"href":"https:\/\/lavozpuntana.com\/index.php?rest_route=\/wp\/v2\/media\/13140"}],"wp:attachment":[{"href":"https:\/\/lavozpuntana.com\/index.php?rest_route=%2Fwp%2Fv2%2Fmedia&parent=13139"}],"wp:term":[{"taxonomy":"category","embeddable":true,"href":"https:\/\/lavozpuntana.com\/index.php?rest_route=%2Fwp%2Fv2%2Fcategories&post=13139"},{"taxonomy":"post_tag","embeddable":true,"href":"https:\/\/lavozpuntana.com\/index.php?rest_route=%2Fwp%2Fv2%2Ftags&post=13139"}],"curies":[{"name":"wp","href":"https:\/\/api.w.org\/{rel}","templated":true}]}}