{"id":13244,"date":"2024-05-23T14:17:27","date_gmt":"2024-05-23T17:17:27","guid":{"rendered":"https:\/\/lavozpuntana.com\/?p=13244"},"modified":"2024-05-23T14:17:27","modified_gmt":"2024-05-23T17:17:27","slug":"mas-de-40-instituciones-culturales-y-agrupaciones-gauchas-desfilaran-este-25-de-mayo","status":"publish","type":"post","link":"https:\/\/lavozpuntana.com\/?p=13244","title":{"rendered":"M\u00c1S DE 40 INSTITUCIONES CULTURALES Y AGRUPACIONES GAUCHAS DESFILAR\u00c1N ESTE 25 DE MAYO"},"content":{"rendered":"\n<figure class=\"wp-block-image size-full\"><img loading=\"lazy\" decoding=\"async\" width=\"740\" height=\"498\" src=\"http:\/\/lavozpuntana.com\/wp-content\/uploads\/2024\/05\/desfile-2.jpeg\" alt=\"\" class=\"wp-image-13245\" srcset=\"https:\/\/lavozpuntana.com\/wp-content\/uploads\/2024\/05\/desfile-2.jpeg 740w, https:\/\/lavozpuntana.com\/wp-content\/uploads\/2024\/05\/desfile-2-300x202.jpeg 300w\" sizes=\"auto, (max-width: 740px) 100vw, 740px\" \/><\/figure>\n\n\n\n<p><strong>La conmemoraci\u00f3n del 214\u00ba aniversario de la Revoluci\u00f3n de Mayo se realizar\u00e1 sobre avenida Espa\u00f1a desde las 11:00.<\/strong><\/p>\n\n\n\n<p>El desfile por el 25 de mayo no s\u00f3lo tendr\u00e1 escuelas, tambi\u00e9n habr\u00e1 agrupaciones gauchas e instituciones culturales. El arranque est\u00e1 previsto para las 11:00 en la intersecci\u00f3n de Espa\u00f1a y Estado de Israel\/Rivadavia y culminar\u00e1 en Caseros. El palco principal estar\u00e1 ubicado frente a la ex terminal de \u00f3mnibus (CAV). Con el ingreso de la Virgen de Luj\u00e1n, que ser\u00e1 portada por los Veteranos de Malvinas se dar\u00e1 inicio a la pasada.<\/p>\n\n\n\n<p>Luego de las escuelas ser\u00e1 el turno de las instituciones culturales, deportivas, seguidas de las fuerzas y agrupaciones gauchas.<\/p>\n\n\n\n<p>En esta ocasi\u00f3n, desfilar\u00e1n las siguientes instituciones culturales Academia de Ritmos \u2018Danfer\u2019, Estudio de Baile \u2018Ambana\u2019, \u2018Herencia Cultural\u2019, Academia \u2018Fog\u00f3n Gaucho\u2019, AFS Programas Interculturales, Campa\u00f1a Folcl\u00f3rica \u2018Danzantes\u2019, Instituto Superior de Danzas \u2018Shonkran Al\u00e1\u2019, Taller de Folklore \u2018Vivencias Cuyanas\u2019, Cuerpo de Bastoneras \u2018Santa Cecilia\u2019, Academia \u2018Oro Blanco\u2019 de Salinas del Bebedero, Taller Protegido de Producci\u00f3n \u2018La Sagrada Familia\u2019 APADIS San Luis, Direcci\u00f3n de Cultura Municipalidad de Potrero de los Funes, Exploradores Argentinos de Don Bosco \u2013 Batall\u00f3n N\u00b066&nbsp; \u2018Juan Pascual Pringles\u2019, Instituto Folkl\u00f3rico \u2018Arreando Tradiciones\u2019, Ballet Folkl\u00f3rico \u2018Alma Gaucha\u2019, Academia \u2018Urban Crew\u2019, Agrupaci\u00f3n Folkl\u00f3rica \u2018Medalla Milagrosa\u2019 y Grupo Scout Argentina 1570 \u2018Medalla Milagrosa\u2019.<\/p>\n\n\n\n<p>Ser\u00e1n parte de este desfile las siguientes agrupaciones gauchas: Confederaci\u00f3n Gaucha San Luis, Federaci\u00f3n Gaucha San Luis, Agrupaci\u00f3n Gauchos Mercedinos \u2018El Corcovo\u2019,&nbsp; Agrupaci\u00f3n Gaucha Finca \u2018La Gringa\u2019, Agrupaci\u00f3n Gaucha \u2018Punta de los Venados\u2019, Agrupaci\u00f3n Gaucha \u2018Mi Amigo Fiel\u2019, Agrupaci\u00f3n Gaucha \u2018Se\u00f1al del Gaucho Puntano\u2019, Agrupaci\u00f3n Mercedina \u2018Mart\u00edn Fierro\u2019, Agrupaci\u00f3n Gaucha \u2018Fort\u00edn Algarrobo Blanco Puntano\u2019, Agrupaci\u00f3n Gaucha \u2018Herencia Gaucha\u2019, Agrupaci\u00f3n Gaucha \u2018Carlitos Escudero Paez\u2019, Centro Tradicionalista \u2018Los Arrieros del Norte\u2019, Agrupaci\u00f3n Gaucha \u2018La Nueva Esperanza\u2019, Agrupaci\u00f3n \u2018El Portezuelo\u2019, Agrupaci\u00f3n Gaucha \u2018Tradici\u00f3n Puntana\u2019, Agrupaci\u00f3n Gaucha \u2018General Belgrano\u2019 del Toro Negro, Centro Tradicionalista \u2018Gauchos Puntanos\u2019, Agrupaci\u00f3n Gaucha \u2018Los Reseros\u2019, Centro Tradicionalista \u2018Alma Gaucha\u2019 y Agrupaci\u00f3n Gaucha \u2018El Bagual\u2019.<\/p>\n\n\n\n<p>Tambi\u00e9n ser\u00e1n parte la Agrupaci\u00f3n Gaucha \u2018Los Venados\u2019, Agrupaci\u00f3n \u2018Gauchos del Carril\u2019, Agrupaci\u00f3n Gaucha \u2018El Trapiche\u2019, Confederaci\u00f3n Gaucha Argentina, Federaci\u00f3n Gaucha de San Luis \u2018Caudillos Puntanos\u2019, Agrupaci\u00f3n Gaucha \u2018El Orejano\u2019 y Agrupaci\u00f3n Gaucha \u2018Unidos por la Tradici\u00f3n\u2019.<\/p>\n","protected":false},"excerpt":{"rendered":"<p>La conmemoraci\u00f3n del 214\u00ba aniversario de la Revoluci\u00f3n de Mayo se realizar\u00e1 sobre avenida Espa\u00f1a desde las 11:00.<\/p>\n","protected":false},"author":4,"featured_media":13245,"comment_status":"closed","ping_status":"closed","sticky":false,"template":"","format":"standard","meta":{"footnotes":""},"categories":[4],"tags":[],"class_list":["post-13244","post","type-post","status-publish","format-standard","has-post-thumbnail","hentry","category-la-provincia"],"_links":{"self":[{"href":"https:\/\/lavozpuntana.com\/index.php?rest_route=\/wp\/v2\/posts\/13244","targetHints":{"allow":["GET"]}}],"collection":[{"href":"https:\/\/lavozpuntana.com\/index.php?rest_route=\/wp\/v2\/posts"}],"about":[{"href":"https:\/\/lavozpuntana.com\/index.php?rest_route=\/wp\/v2\/types\/post"}],"author":[{"embeddable":true,"href":"https:\/\/lavozpuntana.com\/index.php?rest_route=\/wp\/v2\/users\/4"}],"replies":[{"embeddable":true,"href":"https:\/\/lavozpuntana.com\/index.php?rest_route=%2Fwp%2Fv2%2Fcomments&post=13244"}],"version-history":[{"count":1,"href":"https:\/\/lavozpuntana.com\/index.php?rest_route=\/wp\/v2\/posts\/13244\/revisions"}],"predecessor-version":[{"id":13246,"href":"https:\/\/lavozpuntana.com\/index.php?rest_route=\/wp\/v2\/posts\/13244\/revisions\/13246"}],"wp:featuredmedia":[{"embeddable":true,"href":"https:\/\/lavozpuntana.com\/index.php?rest_route=\/wp\/v2\/media\/13245"}],"wp:attachment":[{"href":"https:\/\/lavozpuntana.com\/index.php?rest_route=%2Fwp%2Fv2%2Fmedia&parent=13244"}],"wp:term":[{"taxonomy":"category","embeddable":true,"href":"https:\/\/lavozpuntana.com\/index.php?rest_route=%2Fwp%2Fv2%2Fcategories&post=13244"},{"taxonomy":"post_tag","embeddable":true,"href":"https:\/\/lavozpuntana.com\/index.php?rest_route=%2Fwp%2Fv2%2Ftags&post=13244"}],"curies":[{"name":"wp","href":"https:\/\/api.w.org\/{rel}","templated":true}]}}