{"id":13247,"date":"2024-05-23T14:19:48","date_gmt":"2024-05-23T17:19:48","guid":{"rendered":"https:\/\/lavozpuntana.com\/?p=13247"},"modified":"2024-05-23T14:19:48","modified_gmt":"2024-05-23T17:19:48","slug":"la-mejora-salarial-alcanza-a-beneficiarios-del-plan-de-inclusion","status":"publish","type":"post","link":"https:\/\/lavozpuntana.com\/?p=13247","title":{"rendered":"LA MEJORA SALARIAL ALCANZA A BENEFICIARIOS DEL PLAN DE INCLUSI\u00d3N"},"content":{"rendered":"\n<figure class=\"wp-block-image size-large\"><img loading=\"lazy\" decoding=\"async\" width=\"1024\" height=\"683\" src=\"http:\/\/lavozpuntana.com\/wp-content\/uploads\/2024\/05\/WhatsApp-Image-2024-05-22-at-11.19.04-1536x1024-1-1024x683.jpeg\" alt=\"\" class=\"wp-image-13248\" srcset=\"https:\/\/lavozpuntana.com\/wp-content\/uploads\/2024\/05\/WhatsApp-Image-2024-05-22-at-11.19.04-1536x1024-1-1024x683.jpeg 1024w, https:\/\/lavozpuntana.com\/wp-content\/uploads\/2024\/05\/WhatsApp-Image-2024-05-22-at-11.19.04-1536x1024-1-300x200.jpeg 300w, https:\/\/lavozpuntana.com\/wp-content\/uploads\/2024\/05\/WhatsApp-Image-2024-05-22-at-11.19.04-1536x1024-1-768x512.jpeg 768w, https:\/\/lavozpuntana.com\/wp-content\/uploads\/2024\/05\/WhatsApp-Image-2024-05-22-at-11.19.04-1536x1024-1.jpeg 1536w\" sizes=\"auto, (max-width: 1024px) 100vw, 1024px\" \/><\/figure>\n\n\n\n<p><strong>El director de Recursos Humanos, Mario Ju\u00e1rez indic\u00f3 este mi\u00e9rcoles que las medidas de mejora salarial anunciadas este martes por el gobernador, Claudio Poggi, alcanzan tambi\u00e9n a los beneficiarios del Plan de Inclusi\u00f3n que menos perciben, esto es quienes hoy cobran $184.500 comenzar\u00e1n a percibir $200.000.<\/strong><\/p>\n\n\n\n<p>\u201cEs para quienes menos cobran y vale recordar que se trata de un beneficio social para quienes no tienen un trabajo formal, no es una relaci\u00f3n laboral\u201d, manifest\u00f3 Ju\u00e1rez quien tambi\u00e9n aclar\u00f3 que esta mejora no alcanza a los beneficiarios que perciben m\u00e1s, ni a los becarios.<\/p>\n\n\n\n<p>La directora de Finanzas y Recursos, Mar\u00eda Eugenia Sosa Herrera destac\u00f3 el esfuerzo que significa para la Provincia este incremento y las mejoras anunciadas por el Gobernador. \u201cEstas medidas se toman en un contexto nacional con recesi\u00f3n y una ca\u00edda importante de la actividad econ\u00f3mica que repercuten en la recaudaci\u00f3n que luego Naci\u00f3n coparticipa a las provincias y que ha venido disminuyendo todos estos meses, sumado a la quita de una de las categor\u00edas de ganancias que le represent\u00f3 a San Luis una n\u00f3mina salarial y media\u201d, explic\u00f3.<\/p>\n\n\n\n<p>Para cerrar, agreg\u00f3: \u201cLo que el Gobernador ha priorizado ante esta situaci\u00f3n es cuidar el empleo y desde esa base se fueron tomando medidas para paliar la situaci\u00f3n econ\u00f3mica\u201d, puntualiz\u00f3.<\/p>\n","protected":false},"excerpt":{"rendered":"<p>El director de Recursos Humanos, Mario Ju\u00e1rez indic\u00f3 este mi\u00e9rcoles que las medidas de mejora salarial anunciadas este martes por el gobernador, Claudio Poggi, alcanzan tambi\u00e9n a los beneficiarios del Plan de Inclusi\u00f3n que menos perciben, esto es quienes hoy cobran $184.500 comenzar\u00e1n a percibir $200.000.<\/p>\n","protected":false},"author":4,"featured_media":13248,"comment_status":"closed","ping_status":"closed","sticky":false,"template":"","format":"standard","meta":{"footnotes":""},"categories":[4],"tags":[],"class_list":["post-13247","post","type-post","status-publish","format-standard","has-post-thumbnail","hentry","category-la-provincia"],"_links":{"self":[{"href":"https:\/\/lavozpuntana.com\/index.php?rest_route=\/wp\/v2\/posts\/13247","targetHints":{"allow":["GET"]}}],"collection":[{"href":"https:\/\/lavozpuntana.com\/index.php?rest_route=\/wp\/v2\/posts"}],"about":[{"href":"https:\/\/lavozpuntana.com\/index.php?rest_route=\/wp\/v2\/types\/post"}],"author":[{"embeddable":true,"href":"https:\/\/lavozpuntana.com\/index.php?rest_route=\/wp\/v2\/users\/4"}],"replies":[{"embeddable":true,"href":"https:\/\/lavozpuntana.com\/index.php?rest_route=%2Fwp%2Fv2%2Fcomments&post=13247"}],"version-history":[{"count":1,"href":"https:\/\/lavozpuntana.com\/index.php?rest_route=\/wp\/v2\/posts\/13247\/revisions"}],"predecessor-version":[{"id":13249,"href":"https:\/\/lavozpuntana.com\/index.php?rest_route=\/wp\/v2\/posts\/13247\/revisions\/13249"}],"wp:featuredmedia":[{"embeddable":true,"href":"https:\/\/lavozpuntana.com\/index.php?rest_route=\/wp\/v2\/media\/13248"}],"wp:attachment":[{"href":"https:\/\/lavozpuntana.com\/index.php?rest_route=%2Fwp%2Fv2%2Fmedia&parent=13247"}],"wp:term":[{"taxonomy":"category","embeddable":true,"href":"https:\/\/lavozpuntana.com\/index.php?rest_route=%2Fwp%2Fv2%2Fcategories&post=13247"},{"taxonomy":"post_tag","embeddable":true,"href":"https:\/\/lavozpuntana.com\/index.php?rest_route=%2Fwp%2Fv2%2Ftags&post=13247"}],"curies":[{"name":"wp","href":"https:\/\/api.w.org\/{rel}","templated":true}]}}