{"id":13250,"date":"2024-05-23T14:23:30","date_gmt":"2024-05-23T17:23:30","guid":{"rendered":"https:\/\/lavozpuntana.com\/?p=13250"},"modified":"2024-05-23T14:23:30","modified_gmt":"2024-05-23T17:23:30","slug":"en-pleno-paro-docente-adorni-aseguro-que-no-esta-prevista-ninguna-convocatoria-de-paritaria","status":"publish","type":"post","link":"https:\/\/lavozpuntana.com\/?p=13250","title":{"rendered":"EN PLENO PARO DOCENTE, ADORNI ASEGUR\u00d3 QUE \u00abNO EST\u00c1 PREVISTA NINGUNA CONVOCATORIA DE PARITARIA\u00bb"},"content":{"rendered":"\n<figure class=\"wp-block-image size-full\"><img loading=\"lazy\" decoding=\"async\" width=\"960\" height=\"640\" src=\"http:\/\/lavozpuntana.com\/wp-content\/uploads\/2024\/05\/839603-whatsapp-20image-202024-05-15-20at-2020-51-20.jpeg\" alt=\"\" class=\"wp-image-13251\" srcset=\"https:\/\/lavozpuntana.com\/wp-content\/uploads\/2024\/05\/839603-whatsapp-20image-202024-05-15-20at-2020-51-20.jpeg 960w, https:\/\/lavozpuntana.com\/wp-content\/uploads\/2024\/05\/839603-whatsapp-20image-202024-05-15-20at-2020-51-20-300x200.jpeg 300w, https:\/\/lavozpuntana.com\/wp-content\/uploads\/2024\/05\/839603-whatsapp-20image-202024-05-15-20at-2020-51-20-768x512.jpeg 768w\" sizes=\"auto, (max-width: 960px) 100vw, 960px\" \/><\/figure>\n\n\n\n<p><strong>El vocero presidencial, Manuel Adorni, descart\u00f3 la posibilidad de convocar a una nueva paritaria docente en plena medida de fuerza y paro convocado por el sector. \u201cNo est\u00e1 prevista ninguna convocatoria de paritaria\u201d, sostuvo en la habitual conferencia de prensa.<\/strong><\/p>\n\n\n\n<p>El funcionario remarc\u00f3 adem\u00e1s que \u201ces el tercer paro docente\u201d, por lo que sostuvo que se trata de un tema que \u201cdeben resolver las provincias\u201d.<\/p>\n\n\n\n<p>\u00abEntendemos que este es un pa\u00eds federal y, dentro de las cuestiones que deben resolver las provincias, est\u00e1 la cuesti\u00f3n docente, y en este caso puntual, el salario docente\u00bb, explic\u00f3 adem\u00e1s.<\/p>\n\n\n\n<p>La aclaraci\u00f3n del Gobierno se de en el marco del paro nacional docente y de la concentraci\u00f3n en la plaza del Congreso a cargo de la Confederaci\u00f3n de Trabajadores de la Educaci\u00f3n (CTERA) y en reclamo a la restituci\u00f3n de partidas presupuestarias, el pago del Fondo de Incentivo Docente (FONID) y el apoyo a los maestros de Misiones que llevan cuatro semanas reclamando una suba salarial.<\/p>\n\n\n\n<p>A pesar de que los gremios exigen la convocatoria a la paritaria nacional docente \u201cde forma urgente\u201d, desde la administraci\u00f3n libertaria anticiparon que \u201cno est\u00e1 prevista\u00bb en el corto plazo.<\/p>\n","protected":false},"excerpt":{"rendered":"<p>El vocero presidencial, Manuel Adorni, descart\u00f3 la posibilidad de convocar a una nueva paritaria docente en plena medida de fuerza y paro convocado por el sector. \u201cNo est\u00e1 prevista ninguna convocatoria de paritaria\u201d, sostuvo en la habitual conferencia de prensa.<\/p>\n","protected":false},"author":4,"featured_media":13251,"comment_status":"closed","ping_status":"closed","sticky":false,"template":"","format":"standard","meta":{"footnotes":""},"categories":[5],"tags":[],"class_list":["post-13250","post","type-post","status-publish","format-standard","has-post-thumbnail","hentry","category-el-pais"],"_links":{"self":[{"href":"https:\/\/lavozpuntana.com\/index.php?rest_route=\/wp\/v2\/posts\/13250","targetHints":{"allow":["GET"]}}],"collection":[{"href":"https:\/\/lavozpuntana.com\/index.php?rest_route=\/wp\/v2\/posts"}],"about":[{"href":"https:\/\/lavozpuntana.com\/index.php?rest_route=\/wp\/v2\/types\/post"}],"author":[{"embeddable":true,"href":"https:\/\/lavozpuntana.com\/index.php?rest_route=\/wp\/v2\/users\/4"}],"replies":[{"embeddable":true,"href":"https:\/\/lavozpuntana.com\/index.php?rest_route=%2Fwp%2Fv2%2Fcomments&post=13250"}],"version-history":[{"count":1,"href":"https:\/\/lavozpuntana.com\/index.php?rest_route=\/wp\/v2\/posts\/13250\/revisions"}],"predecessor-version":[{"id":13252,"href":"https:\/\/lavozpuntana.com\/index.php?rest_route=\/wp\/v2\/posts\/13250\/revisions\/13252"}],"wp:featuredmedia":[{"embeddable":true,"href":"https:\/\/lavozpuntana.com\/index.php?rest_route=\/wp\/v2\/media\/13251"}],"wp:attachment":[{"href":"https:\/\/lavozpuntana.com\/index.php?rest_route=%2Fwp%2Fv2%2Fmedia&parent=13250"}],"wp:term":[{"taxonomy":"category","embeddable":true,"href":"https:\/\/lavozpuntana.com\/index.php?rest_route=%2Fwp%2Fv2%2Fcategories&post=13250"},{"taxonomy":"post_tag","embeddable":true,"href":"https:\/\/lavozpuntana.com\/index.php?rest_route=%2Fwp%2Fv2%2Ftags&post=13250"}],"curies":[{"name":"wp","href":"https:\/\/api.w.org\/{rel}","templated":true}]}}