{"id":13456,"date":"2024-06-06T14:32:17","date_gmt":"2024-06-06T17:32:17","guid":{"rendered":"https:\/\/lavozpuntana.com\/?p=13456"},"modified":"2024-06-06T14:32:19","modified_gmt":"2024-06-06T17:32:19","slug":"gestion-de-cercania-lujan-administrara-su-terminal-de-omnibus","status":"publish","type":"post","link":"https:\/\/lavozpuntana.com\/?p=13456","title":{"rendered":"GESTI\u00d3N DE CERCAN\u00cdA: LUJ\u00c1N ADMINISTRAR\u00c1 SU TERMINAL DE \u00d3MNIBUS"},"content":{"rendered":"\n<figure class=\"wp-block-image size-large\"><img loading=\"lazy\" decoding=\"async\" width=\"1024\" height=\"681\" src=\"http:\/\/lavozpuntana.com\/wp-content\/uploads\/2024\/06\/a94cd749-99f4-4d5e-bc02-89cdbee83722-1536x1022-1-1024x681.jpg\" alt=\"\" class=\"wp-image-13457\" srcset=\"https:\/\/lavozpuntana.com\/wp-content\/uploads\/2024\/06\/a94cd749-99f4-4d5e-bc02-89cdbee83722-1536x1022-1-1024x681.jpg 1024w, https:\/\/lavozpuntana.com\/wp-content\/uploads\/2024\/06\/a94cd749-99f4-4d5e-bc02-89cdbee83722-1536x1022-1-300x200.jpg 300w, https:\/\/lavozpuntana.com\/wp-content\/uploads\/2024\/06\/a94cd749-99f4-4d5e-bc02-89cdbee83722-1536x1022-1-768x511.jpg 768w, https:\/\/lavozpuntana.com\/wp-content\/uploads\/2024\/06\/a94cd749-99f4-4d5e-bc02-89cdbee83722-1536x1022-1.jpg 1536w\" sizes=\"auto, (max-width: 1024px) 100vw, 1024px\" \/><\/figure>\n\n\n\n<p><strong>\u201cLa impronta de la terminal ser\u00e1 local y se la dar\u00e1n los trabajadores del pueblo\u201d, indic\u00f3 el gobernador Claudio Poggi este jueves, luego de la firma del documento que formaliz\u00f3 el traspaso.<\/strong><\/p>\n\n\n\n<p>Luj\u00e1n es la primera localidad que el gobernador Claudio Poggi visit\u00f3 este jueves, como parte de la gira con la recorre toda la provincia. La agenda, que incluye tambi\u00e9n a Quines y Candelaria, inici\u00f3 a las 8:15 en la Capital de la Naranja. All\u00ed, al igual que ya hizo con las terminales provinciales de Anchorena, Villa Mercedes y San Francisco, se realiz\u00f3 la cesi\u00f3n en comodato a la Municipalidad local de la estaci\u00f3n de micros.<\/p>\n\n\n\n<p>Esta acci\u00f3n forma parte de un plan de modernizaci\u00f3n y mejoras en las terminales, para volver a establecerlas como un foco econ\u00f3mico y social de la localidad. \u201cEsta es nuestra modalidad de trabajo. Bien cerquita de las autoridades municipales y los vecinos. Esa va a ser nuestra pr\u00e1ctica habitual\u201d, manifest\u00f3 Poggi, quien se\u00f1al\u00f3 que la \u201cvida\u201d de la terminal ser\u00e1 con una impronta local que le dar\u00e1n los trabajadores del pueblo\u201d.<\/p>\n\n\n\n<p>El intendente, Pablo L\u00f3pez, indic\u00f3 que \u201cla idea de ahora en m\u00e1s es darle un avance para brindar mayores y mejores servicios\u201d.<\/p>\n\n\n\n<p>El acuerdo implica que la Provincia sigue teniendo potestad sobre el servicio de transporte y su control. Se mantiene tambi\u00e9n el funcionamiento de oficinas p\u00fablicas ya existentes en el edificio, los contratos ya celebrados con prestadores comerciales y el personal, que mantendr\u00e1 en su totalidad los puestos de trabajo.<\/p>\n","protected":false},"excerpt":{"rendered":"<p>\u201cLa impronta de la terminal ser\u00e1 local y se la dar\u00e1n los trabajadores del pueblo\u201d, indic\u00f3 el gobernador Claudio Poggi este jueves, luego de la firma del documento que formaliz\u00f3 el traspaso.<\/p>\n","protected":false},"author":4,"featured_media":13457,"comment_status":"closed","ping_status":"closed","sticky":false,"template":"","format":"standard","meta":{"footnotes":""},"categories":[4],"tags":[],"class_list":["post-13456","post","type-post","status-publish","format-standard","has-post-thumbnail","hentry","category-la-provincia"],"_links":{"self":[{"href":"https:\/\/lavozpuntana.com\/index.php?rest_route=\/wp\/v2\/posts\/13456","targetHints":{"allow":["GET"]}}],"collection":[{"href":"https:\/\/lavozpuntana.com\/index.php?rest_route=\/wp\/v2\/posts"}],"about":[{"href":"https:\/\/lavozpuntana.com\/index.php?rest_route=\/wp\/v2\/types\/post"}],"author":[{"embeddable":true,"href":"https:\/\/lavozpuntana.com\/index.php?rest_route=\/wp\/v2\/users\/4"}],"replies":[{"embeddable":true,"href":"https:\/\/lavozpuntana.com\/index.php?rest_route=%2Fwp%2Fv2%2Fcomments&post=13456"}],"version-history":[{"count":1,"href":"https:\/\/lavozpuntana.com\/index.php?rest_route=\/wp\/v2\/posts\/13456\/revisions"}],"predecessor-version":[{"id":13458,"href":"https:\/\/lavozpuntana.com\/index.php?rest_route=\/wp\/v2\/posts\/13456\/revisions\/13458"}],"wp:featuredmedia":[{"embeddable":true,"href":"https:\/\/lavozpuntana.com\/index.php?rest_route=\/wp\/v2\/media\/13457"}],"wp:attachment":[{"href":"https:\/\/lavozpuntana.com\/index.php?rest_route=%2Fwp%2Fv2%2Fmedia&parent=13456"}],"wp:term":[{"taxonomy":"category","embeddable":true,"href":"https:\/\/lavozpuntana.com\/index.php?rest_route=%2Fwp%2Fv2%2Fcategories&post=13456"},{"taxonomy":"post_tag","embeddable":true,"href":"https:\/\/lavozpuntana.com\/index.php?rest_route=%2Fwp%2Fv2%2Ftags&post=13456"}],"curies":[{"name":"wp","href":"https:\/\/api.w.org\/{rel}","templated":true}]}}