{"id":13462,"date":"2024-06-06T14:49:53","date_gmt":"2024-06-06T17:49:53","guid":{"rendered":"https:\/\/lavozpuntana.com\/?p=13462"},"modified":"2024-06-06T14:50:02","modified_gmt":"2024-06-06T17:50:02","slug":"los-ministerios-de-produccion-de-cuyo-fortalecen-lazos-con-el-sector-privado","status":"publish","type":"post","link":"https:\/\/lavozpuntana.com\/?p=13462","title":{"rendered":"LOS MINISTERIOS DE PRODUCCI\u00d3N DE CUYO FORTALECEN LAZOS CON EL SECTOR PRIVADO"},"content":{"rendered":"\n<figure class=\"wp-block-image size-large\"><img loading=\"lazy\" decoding=\"async\" width=\"1024\" height=\"682\" src=\"http:\/\/lavozpuntana.com\/wp-content\/uploads\/2024\/06\/WhatsApp-Image-2024-06-06-at-13.20.11-1536x1023-1-1024x682.jpeg\" alt=\"\" class=\"wp-image-13463\" srcset=\"https:\/\/lavozpuntana.com\/wp-content\/uploads\/2024\/06\/WhatsApp-Image-2024-06-06-at-13.20.11-1536x1023-1-1024x682.jpeg 1024w, https:\/\/lavozpuntana.com\/wp-content\/uploads\/2024\/06\/WhatsApp-Image-2024-06-06-at-13.20.11-1536x1023-1-300x200.jpeg 300w, https:\/\/lavozpuntana.com\/wp-content\/uploads\/2024\/06\/WhatsApp-Image-2024-06-06-at-13.20.11-1536x1023-1-768x512.jpeg 768w, https:\/\/lavozpuntana.com\/wp-content\/uploads\/2024\/06\/WhatsApp-Image-2024-06-06-at-13.20.11-1536x1023-1.jpeg 1536w\" sizes=\"auto, (max-width: 1024px) 100vw, 1024px\" \/><\/figure>\n\n\n\n<p><strong>Los titulares de las carteras de San Luis, Mendoza y San Juan mantuvieron un encuentro con referentes de las c\u00e1maras industriales y de comercio para establecer una agenda de trabajo en com\u00fan e idear propuestas conjuntas que favorezcan al desarrollo de la regi\u00f3n.<\/strong><\/p>\n\n\n\n<p>Los ministros de Producci\u00f3n de San Luis, Federico Trombotto; Mendoza, Rodolfo Vargas Arizu y San Juan, Gustavo Emilio Fern\u00e1ndez, tras en la reuni\u00f3n oficial que mantuvieron en la Casa de Gobierno puntana, organizaron un encuentro con diversos organismos que nuclean actores econ\u00f3micos del sector productivo privado, entre los cuales se destac\u00f3 la Confederaci\u00f3n Argentina de la Mediana Empresa (CAME). Tambi\u00e9n estuvo el vicegobernador, Ricardo Endeiza.<\/p>\n\n\n\n<p>El objetivo principal de la reuni\u00f3n estuvo enfocado en poder establecer una l\u00ednea de trabajo com\u00fan para toda la regi\u00f3n, sean organismos p\u00fablicos o privados, en pos de pensar y ejecutar pol\u00edticas beneficiosas para las comunidades. \u201cNos enaltece y enorgullece tener la visita de cada uno de ustedes. Es una reuni\u00f3n que nos llena el coraz\u00f3n de esperanza\u201d, expres\u00f3 Trombotto, mientras que Vargas Arizu enfatiz\u00f3 en que el encuentro marca \u201cun hito cuyano importante\u201d en el que han podido \u201cdejar de lado los regionalismos de cada provincia y trabajar juntos\u201d.<\/p>\n\n\n\n<p>La relevancia del hecho reside principalmente en que hace d\u00e9cadas que no ocurr\u00eda una uni\u00f3n semejante. \u201cParece incre\u00edble que pasaran los a\u00f1os y una regi\u00f3n tan asociada haya estado con barreras tan claramente divididas por algunos intereses mezquinos y no por el puro sentir de la sociedad, donde diariamente nos unen lazos de variada \u00edndole\u201d, resalt\u00f3 el Ministro de San Luis, y a\u00f1adi\u00f3 que persiguen un horizonte que alcanza a todos, \u201ca partir de la cercan\u00eda, de ir al encuentro a cada punto de nuestra geograf\u00eda provincial, para ponernos en condici\u00f3n y ejecuci\u00f3n, para escuchar y tomar nota de los problemas y oportunidades, y r\u00e1pidamente disponer una bater\u00eda de acciones que nos permitan cambiar esta triste realidad\u201d.<\/p>\n\n\n\n<p>Luego de un intercambio de ideas, acordaron desarrollar una agenda com\u00fan, para potenciar el sector agroproductivo, atraer inversiones y generar empleo genuino. Tambi\u00e9n pactaron organizar reuniones peri\u00f3dicas, para avanzar en la definici\u00f3n de pol\u00edticas comunes que favorezcan la atracci\u00f3n de inversiones. \u201cQueremos trabajar para el desarrollo de un ecosistema productivo que tome escala y que permita tambi\u00e9n mantener a nuestra sociedad arraigada en estos lugares\u201d, explic\u00f3 Fern\u00e1ndez.<\/p>\n","protected":false},"excerpt":{"rendered":"<p>Los titulares de las carteras de San Luis, Mendoza y San Juan mantuvieron un encuentro con referentes de las c\u00e1maras industriales y de comercio para establecer una agenda de trabajo en com\u00fan e idear propuestas conjuntas que favorezcan al desarrollo de la regi\u00f3n.<\/p>\n","protected":false},"author":4,"featured_media":13463,"comment_status":"closed","ping_status":"closed","sticky":false,"template":"","format":"standard","meta":{"footnotes":""},"categories":[4],"tags":[],"class_list":["post-13462","post","type-post","status-publish","format-standard","has-post-thumbnail","hentry","category-la-provincia"],"_links":{"self":[{"href":"https:\/\/lavozpuntana.com\/index.php?rest_route=\/wp\/v2\/posts\/13462","targetHints":{"allow":["GET"]}}],"collection":[{"href":"https:\/\/lavozpuntana.com\/index.php?rest_route=\/wp\/v2\/posts"}],"about":[{"href":"https:\/\/lavozpuntana.com\/index.php?rest_route=\/wp\/v2\/types\/post"}],"author":[{"embeddable":true,"href":"https:\/\/lavozpuntana.com\/index.php?rest_route=\/wp\/v2\/users\/4"}],"replies":[{"embeddable":true,"href":"https:\/\/lavozpuntana.com\/index.php?rest_route=%2Fwp%2Fv2%2Fcomments&post=13462"}],"version-history":[{"count":1,"href":"https:\/\/lavozpuntana.com\/index.php?rest_route=\/wp\/v2\/posts\/13462\/revisions"}],"predecessor-version":[{"id":13464,"href":"https:\/\/lavozpuntana.com\/index.php?rest_route=\/wp\/v2\/posts\/13462\/revisions\/13464"}],"wp:featuredmedia":[{"embeddable":true,"href":"https:\/\/lavozpuntana.com\/index.php?rest_route=\/wp\/v2\/media\/13463"}],"wp:attachment":[{"href":"https:\/\/lavozpuntana.com\/index.php?rest_route=%2Fwp%2Fv2%2Fmedia&parent=13462"}],"wp:term":[{"taxonomy":"category","embeddable":true,"href":"https:\/\/lavozpuntana.com\/index.php?rest_route=%2Fwp%2Fv2%2Fcategories&post=13462"},{"taxonomy":"post_tag","embeddable":true,"href":"https:\/\/lavozpuntana.com\/index.php?rest_route=%2Fwp%2Fv2%2Ftags&post=13462"}],"curies":[{"name":"wp","href":"https:\/\/api.w.org\/{rel}","templated":true}]}}