{"id":13594,"date":"2024-06-18T23:21:26","date_gmt":"2024-06-19T02:21:26","guid":{"rendered":"https:\/\/lavozpuntana.com\/?p=13594"},"modified":"2024-06-18T23:21:27","modified_gmt":"2024-06-19T02:21:27","slug":"el-senado-aprobo-la-derogacion-de-la-ley-de-parajes","status":"publish","type":"post","link":"https:\/\/lavozpuntana.com\/?p=13594","title":{"rendered":"EL SENADO APROB\u00d3 LA DEROGACI\u00d3N DE LA LEY DE PARAJES"},"content":{"rendered":"\n<figure class=\"wp-block-image size-large\"><img loading=\"lazy\" decoding=\"async\" width=\"1024\" height=\"682\" src=\"https:\/\/lavozpuntana.com\/wp-content\/uploads\/2024\/06\/WhatsApp-Image-2024-06-18-at-15.07.10-1536x1023-1-1024x682.jpeg\" alt=\"\" class=\"wp-image-13595\" srcset=\"https:\/\/lavozpuntana.com\/wp-content\/uploads\/2024\/06\/WhatsApp-Image-2024-06-18-at-15.07.10-1536x1023-1-1024x682.jpeg 1024w, https:\/\/lavozpuntana.com\/wp-content\/uploads\/2024\/06\/WhatsApp-Image-2024-06-18-at-15.07.10-1536x1023-1-300x200.jpeg 300w, https:\/\/lavozpuntana.com\/wp-content\/uploads\/2024\/06\/WhatsApp-Image-2024-06-18-at-15.07.10-1536x1023-1-768x512.jpeg 768w, https:\/\/lavozpuntana.com\/wp-content\/uploads\/2024\/06\/WhatsApp-Image-2024-06-18-at-15.07.10-1536x1023-1.jpeg 1536w\" sizes=\"auto, (max-width: 1024px) 100vw, 1024px\" \/><\/figure>\n\n\n\n<p><strong>Hab\u00eda sido sancionada durante la gesti\u00f3n anterior para otorgar una especie de libertad anticipada a ciertos detenidos para que desarrollen proyectos productivos en el interior de San Luis. Era contraria a la normativa nacional y dejaba desdibujada la figura del juez de ejecuci\u00f3n penal. Ya ten\u00eda media sanci\u00f3n de Diputados, por lo que se convirti\u00f3 en ley.<\/strong><\/p>\n\n\n\n<p>Este martes, el Senado provincial aprob\u00f3 la derogaci\u00f3n de la Ley de Parajes, una normativa sancionada en 2020 durante la gesti\u00f3n de Alberto Rodr\u00edguez Sa\u00e1 que permit\u00eda que personas condenadas pudieran obtener una especie de \u2018libertad anticipada\u2019 para desarrollar proyectos productivos y econ\u00f3micos en el interior de la provincia sin el adecuado control de la Justicia. El proyecto hab\u00eda sido enviado a la Legislatura por el Ejecutivo, argumentando que la Ley chocaba de manera flagrante con la normativa nacional y desdibujaba la figura del juez de ejecuci\u00f3n penal. Adem\u00e1s, estaba claramente pensada para favorecer a ciertas personas que hab\u00edan tenido un accionar poco claro, protegidos por el gobierno anterior.<\/p>\n\n\n\n<p>El senador provincial por Pedernera, Adolfo Castro Luna, subray\u00f3 la inconstitucionalidad de esta ley, que contradice la legislaci\u00f3n nacional que regula los reg\u00edmenes de libertad condicional y asistida. \u201cDebilita la funci\u00f3n esencial del juez de ejecuci\u00f3n penal y transfiere competencias exclusivas del Gobierno nacional a funcionarios provinciales, lo que crea un sistema donde el control judicial es m\u00ednimo o inexistente\u201d, afirm\u00f3.<\/p>\n\n\n\n<p>El legislador se\u00f1al\u00f3 que la Ley de Parajes ignoraba la opini\u00f3n de las comunidades afectadas, validando los proyectos productivos \u00fanicamente con la participaci\u00f3n de un morador del paraje, sin considerar a todos los habitantes. Esto, seg\u00fan Castro Luna, pod\u00eda generar tensiones y conflictos en la sociedad, adem\u00e1s de poner en peligro la seguridad de los sanluise\u00f1os.<\/p>\n\n\n\n<p>El senador remarc\u00f3 tambi\u00e9n que la aplicaci\u00f3n de esta ley sin un adecuado control judicial abr\u00eda la puerta a la impunidad y generaba un doble agravio: por un lado, el causado por el delito en s\u00ed mismo, y por otro, el que resulta de la frustraci\u00f3n y la impotencia ante la falta de sanci\u00f3n, afectando seriamente la percepci\u00f3n de seguridad y justicia en la sociedad.<\/p>\n\n\n\n<p>\u201cLa seguridad y la justicia no pueden estar sujetas a experimentos legislativos que socavan el marco jur\u00eddico nacional y ponen en riesgo a nuestros ciudadanos. La existencia de un sistema judicial eficaz y confiable es crucial para mantener la paz social y fortalecer la confianza en las instituciones del Estado\u201d, finaliz\u00f3 Castro Luna.<\/p>\n\n\n\n<p>La derogaci\u00f3n de esta Ley se enmarca dentro de uno de los ejes principales del gobierno de Claudio Poggi: la lucha contra la inseguridad. Con esta abrogaci\u00f3n, la Provincia busca fortalecer el sistema penal y garantizar que las condenas sean cumplidas bajo el estricto control judicial, conforme a la normativa nacional y la Constituci\u00f3n. Adem\u00e1s, con la eliminaci\u00f3n de esta norma, se evita que en el futuro se repitan situaciones donde los condenados puedan evadir el cumplimiento de sus penas sin pasar por el debido proceso judicial.<\/p>\n","protected":false},"excerpt":{"rendered":"<p>Hab\u00eda sido sancionada durante la gesti\u00f3n anterior para otorgar una especie de libertad anticipada a ciertos detenidos para que desarrollen proyectos productivos en el interior de San Luis. Era contraria a la normativa nacional y dejaba desdibujada la figura del juez de ejecuci\u00f3n penal. Ya ten\u00eda media sanci\u00f3n de Diputados, por lo que se convirti\u00f3 en ley.<\/p>\n","protected":false},"author":4,"featured_media":13595,"comment_status":"closed","ping_status":"closed","sticky":false,"template":"","format":"standard","meta":{"footnotes":""},"categories":[4],"tags":[],"class_list":["post-13594","post","type-post","status-publish","format-standard","has-post-thumbnail","hentry","category-la-provincia"],"_links":{"self":[{"href":"https:\/\/lavozpuntana.com\/index.php?rest_route=\/wp\/v2\/posts\/13594","targetHints":{"allow":["GET"]}}],"collection":[{"href":"https:\/\/lavozpuntana.com\/index.php?rest_route=\/wp\/v2\/posts"}],"about":[{"href":"https:\/\/lavozpuntana.com\/index.php?rest_route=\/wp\/v2\/types\/post"}],"author":[{"embeddable":true,"href":"https:\/\/lavozpuntana.com\/index.php?rest_route=\/wp\/v2\/users\/4"}],"replies":[{"embeddable":true,"href":"https:\/\/lavozpuntana.com\/index.php?rest_route=%2Fwp%2Fv2%2Fcomments&post=13594"}],"version-history":[{"count":1,"href":"https:\/\/lavozpuntana.com\/index.php?rest_route=\/wp\/v2\/posts\/13594\/revisions"}],"predecessor-version":[{"id":13596,"href":"https:\/\/lavozpuntana.com\/index.php?rest_route=\/wp\/v2\/posts\/13594\/revisions\/13596"}],"wp:featuredmedia":[{"embeddable":true,"href":"https:\/\/lavozpuntana.com\/index.php?rest_route=\/wp\/v2\/media\/13595"}],"wp:attachment":[{"href":"https:\/\/lavozpuntana.com\/index.php?rest_route=%2Fwp%2Fv2%2Fmedia&parent=13594"}],"wp:term":[{"taxonomy":"category","embeddable":true,"href":"https:\/\/lavozpuntana.com\/index.php?rest_route=%2Fwp%2Fv2%2Fcategories&post=13594"},{"taxonomy":"post_tag","embeddable":true,"href":"https:\/\/lavozpuntana.com\/index.php?rest_route=%2Fwp%2Fv2%2Ftags&post=13594"}],"curies":[{"name":"wp","href":"https:\/\/api.w.org\/{rel}","templated":true}]}}