{"id":13609,"date":"2024-06-24T12:10:50","date_gmt":"2024-06-24T15:10:50","guid":{"rendered":"https:\/\/lavozpuntana.com\/?p=13609"},"modified":"2024-06-24T12:10:51","modified_gmt":"2024-06-24T15:10:51","slug":"como-seguira-el-clima-para-el-resto-de-la-semana","status":"publish","type":"post","link":"https:\/\/lavozpuntana.com\/?p=13609","title":{"rendered":"\u00bfC\u00d3MO SEGUIR\u00c1 EL CLIMA PARA EL RESTO DE LA SEMANA?"},"content":{"rendered":"\n<figure class=\"wp-block-image size-large\"><img loading=\"lazy\" decoding=\"async\" width=\"1024\" height=\"768\" src=\"https:\/\/lavozpuntana.com\/wp-content\/uploads\/2024\/06\/WhatsApp-Image-2024-06-24-at-9.07.05-AM-1024x768.jpeg\" alt=\"\" class=\"wp-image-13610\" srcset=\"https:\/\/lavozpuntana.com\/wp-content\/uploads\/2024\/06\/WhatsApp-Image-2024-06-24-at-9.07.05-AM-1024x768.jpeg 1024w, https:\/\/lavozpuntana.com\/wp-content\/uploads\/2024\/06\/WhatsApp-Image-2024-06-24-at-9.07.05-AM-300x225.jpeg 300w, https:\/\/lavozpuntana.com\/wp-content\/uploads\/2024\/06\/WhatsApp-Image-2024-06-24-at-9.07.05-AM-768x576.jpeg 768w, https:\/\/lavozpuntana.com\/wp-content\/uploads\/2024\/06\/WhatsApp-Image-2024-06-24-at-9.07.05-AM-720x540.jpeg 720w, https:\/\/lavozpuntana.com\/wp-content\/uploads\/2024\/06\/WhatsApp-Image-2024-06-24-at-9.07.05-AM.jpeg 1280w\" sizes=\"auto, (max-width: 1024px) 100vw, 1024px\" \/><\/figure>\n\n\n\n<p><strong>Desde la Red de Estaciones Meteorol\u00f3gicas (REM) emitieron un informe especial con vigencia hasta el 26 de marzo donde se advert\u00eda que una masa de aire muy fr\u00eda provocar\u00eda un descenso de las temperaturas hasta el mi\u00e9rcoles, abundante nubosidad y precipitaciones aisladas.\u00a0<\/strong><\/p>\n\n\n\n<p>El comienzo de la semana se caracteriza por la presencia de abundante nubosidad y una baja sensaci\u00f3n t\u00e9rmica. Se espera cielo de mayormente nublado a nublado con lloviznas aisladas y eventual ca\u00edda de aguanieve en la zona serrana hacia el final del d\u00eda.<\/p>\n\n\n\n<p>En general, las temperaturas ser\u00e1n fr\u00edas, oscilando entre los 2\u00b0C y 9\u00b0C, en promedio. El viento ser\u00e1 leve a moderado (12 a 28 km\/h) soplando predominantemente del sector este, con algunas r\u00e1fagas fuertes en la regi\u00f3n central.<\/p>\n\n\n\n<p>Pron\u00f3stico extendido<\/p>\n\n\n\n<p>Para el martes, se espera una jornada algo inestable que mantiene sin cambios las temperaturas. El cielo estar\u00e1 entre parcialmente nublado a mayormente nublado. En promedio, se esperan m\u00ednimas de 1\u00b0C y m\u00e1ximas de 9\u00b0C. El viento ser\u00e1 del sector noreste.<\/p>\n\n\n\n<p>El mi\u00e9rcoles 26 de junio por la ma\u00f1ana estar\u00eda muy fr\u00edo con heladas y por la tarde agradable. El cielo estar\u00e1 de parcialmente nublado a mayormente despejado. En promedio, se esperan m\u00ednimas de -2\u00b0C y m\u00e1ximas de 14\u00b0C. El viento ser\u00e1 del sector norte.<\/p>\n\n\n\n<p>El jueves, la REM anticipa leve ascenso de las temperaturas. El cielo estar\u00e1 mayormente despejado. En promedio, se esperan m\u00ednimas de 3\u00b0C y m\u00e1ximas de 18\u00b0C. El viento ser\u00e1 del sector norte.<\/p>\n","protected":false},"excerpt":{"rendered":"<p>Desde la Red de Estaciones Meteorol\u00f3gicas (REM) emitieron un informe especial con vigencia hasta el 26 de marzo donde se advert\u00eda que una masa de aire muy fr\u00eda provocar\u00eda un descenso de las temperaturas hasta el mi\u00e9rcoles, abundante nubosidad y precipitaciones aisladas.\u00a0<\/p>\n","protected":false},"author":4,"featured_media":13610,"comment_status":"closed","ping_status":"closed","sticky":false,"template":"","format":"standard","meta":{"footnotes":""},"categories":[4],"tags":[],"class_list":["post-13609","post","type-post","status-publish","format-standard","has-post-thumbnail","hentry","category-la-provincia"],"_links":{"self":[{"href":"https:\/\/lavozpuntana.com\/index.php?rest_route=\/wp\/v2\/posts\/13609","targetHints":{"allow":["GET"]}}],"collection":[{"href":"https:\/\/lavozpuntana.com\/index.php?rest_route=\/wp\/v2\/posts"}],"about":[{"href":"https:\/\/lavozpuntana.com\/index.php?rest_route=\/wp\/v2\/types\/post"}],"author":[{"embeddable":true,"href":"https:\/\/lavozpuntana.com\/index.php?rest_route=\/wp\/v2\/users\/4"}],"replies":[{"embeddable":true,"href":"https:\/\/lavozpuntana.com\/index.php?rest_route=%2Fwp%2Fv2%2Fcomments&post=13609"}],"version-history":[{"count":1,"href":"https:\/\/lavozpuntana.com\/index.php?rest_route=\/wp\/v2\/posts\/13609\/revisions"}],"predecessor-version":[{"id":13611,"href":"https:\/\/lavozpuntana.com\/index.php?rest_route=\/wp\/v2\/posts\/13609\/revisions\/13611"}],"wp:featuredmedia":[{"embeddable":true,"href":"https:\/\/lavozpuntana.com\/index.php?rest_route=\/wp\/v2\/media\/13610"}],"wp:attachment":[{"href":"https:\/\/lavozpuntana.com\/index.php?rest_route=%2Fwp%2Fv2%2Fmedia&parent=13609"}],"wp:term":[{"taxonomy":"category","embeddable":true,"href":"https:\/\/lavozpuntana.com\/index.php?rest_route=%2Fwp%2Fv2%2Fcategories&post=13609"},{"taxonomy":"post_tag","embeddable":true,"href":"https:\/\/lavozpuntana.com\/index.php?rest_route=%2Fwp%2Fv2%2Ftags&post=13609"}],"curies":[{"name":"wp","href":"https:\/\/api.w.org\/{rel}","templated":true}]}}