{"id":13615,"date":"2024-06-24T12:16:35","date_gmt":"2024-06-24T15:16:35","guid":{"rendered":"https:\/\/lavozpuntana.com\/?p=13615"},"modified":"2024-06-24T12:16:35","modified_gmt":"2024-06-24T15:16:35","slug":"el-lunes-comienza-la-inscripcion-presencial-para-cargos-jerarquicos","status":"publish","type":"post","link":"https:\/\/lavozpuntana.com\/?p=13615","title":{"rendered":"EL LUNES COMIENZA LA INSCRIPCI\u00d3N PRESENCIAL PARA CARGOS JER\u00c1RQUICOS"},"content":{"rendered":"\n<figure class=\"wp-block-image size-large\"><img loading=\"lazy\" decoding=\"async\" width=\"1024\" height=\"1024\" src=\"https:\/\/lavozpuntana.com\/wp-content\/uploads\/2024\/06\/IMG-20240621-WA0051-1024x1024.jpg\" alt=\"\" class=\"wp-image-13616\" srcset=\"https:\/\/lavozpuntana.com\/wp-content\/uploads\/2024\/06\/IMG-20240621-WA0051-1024x1024.jpg 1024w, https:\/\/lavozpuntana.com\/wp-content\/uploads\/2024\/06\/IMG-20240621-WA0051-300x300.jpg 300w, https:\/\/lavozpuntana.com\/wp-content\/uploads\/2024\/06\/IMG-20240621-WA0051-150x150.jpg 150w, https:\/\/lavozpuntana.com\/wp-content\/uploads\/2024\/06\/IMG-20240621-WA0051-768x768.jpg 768w, https:\/\/lavozpuntana.com\/wp-content\/uploads\/2024\/06\/IMG-20240621-WA0051.jpg 1080w\" sizes=\"auto, (max-width: 1024px) 100vw, 1024px\" \/><\/figure>\n\n\n\n<p><strong>Los aspirantes deber\u00e1n presentar su documentaci\u00f3n en la sede de la Junta de Clasificaci\u00f3n Docente que les corresponda. Para m\u00e1s informaci\u00f3n deben ingresar a la p\u00e1gina web del ministerio de Educaci\u00f3n: <a href=\"https:\/\/sanluis.gov.ar\/educacion\/concursos-jerarquicos\/\">sanluis.gov.ar\/educacion\/concursos-jerarquicos.<\/a><\/strong><\/p>\n\n\n\n<p>A partir del pr\u00f3ximo lunes 24 de junio y hasta el viernes 28, se abre el per\u00edodo de inscripci\u00f3n presencial para los aspirantes a 314 cargos jer\u00e1rquicos en las escuelas de toda la provincia de San Luis.<\/p>\n\n\n\n<p>Los aspirantes deber\u00e1n presentar su documentaci\u00f3n en la sede de la Junta de Clasificaci\u00f3n Docente que les corresponda, de acuerdo a su regi\u00f3n educativa. El horario de atenci\u00f3n ser\u00e1 de 9:00 a 13:00 y de 15:00 a 18:00.<\/p>\n\n\n\n<p>Las sedes de inscripci\u00f3n se organizan de la siguiente manera:<\/p>\n\n\n\n<p>Regiones Educativas I y VI: Inscripci\u00f3n en la sede de la Junta de Clasificaci\u00f3n Docente de San Luis (Ayacucho 945 \u2013 3er piso).<\/p>\n\n\n\n<p>Regiones Educativas II y III: Inscripci\u00f3n en la sede de Villa Mercedes (UPrO \u2013 calle 9 de Julio y La Rioja, edificio Innovar).<\/p>\n\n\n\n<p>Regiones Educativas IV y V: Inscripci\u00f3n en la sede de Concar\u00e1n (calle Mariano Moreno s\/n, Esc. N\u00b074 \u2018Gobernador Benigno Rodr\u00edguez Jurado\u2019).<\/p>\n\n\n\n<p>Es importante que los aspirantes lleven impresa toda la documentaci\u00f3n requerida, tal como se especifica en la resoluci\u00f3n correspondiente.<\/p>\n\n\n\n<p>Para obtener m\u00e1s detalles sobre los requisitos y la documentaci\u00f3n necesaria, los interesados pueden visitar la p\u00e1gina web del ministerio de Educaci\u00f3n: <a href=\"https:\/\/sanluis.gov.ar\/educacion\/concursos-jerarquicos\/\">sanluis.gov.ar\/educacion\/concursos-jerarquicos<\/a>. All\u00ed tambi\u00e9n encontrar\u00e1n disponible un listado de \u2018preguntas frecuentes\u2019 para resolver todas las dudas que puedan surgir durante este proceso.<\/p>\n","protected":false},"excerpt":{"rendered":"<p>Los aspirantes deber\u00e1n presentar su documentaci\u00f3n en la sede de la Junta de Clasificaci\u00f3n Docente que les corresponda. Para m\u00e1s informaci\u00f3n deben ingresar a la p\u00e1gina web del ministerio de Educaci\u00f3n: sanluis.gov.ar\/educacion\/concursos-jerarquicos.<\/p>\n","protected":false},"author":4,"featured_media":13616,"comment_status":"closed","ping_status":"closed","sticky":false,"template":"","format":"standard","meta":{"footnotes":""},"categories":[4],"tags":[],"class_list":["post-13615","post","type-post","status-publish","format-standard","has-post-thumbnail","hentry","category-la-provincia"],"_links":{"self":[{"href":"https:\/\/lavozpuntana.com\/index.php?rest_route=\/wp\/v2\/posts\/13615","targetHints":{"allow":["GET"]}}],"collection":[{"href":"https:\/\/lavozpuntana.com\/index.php?rest_route=\/wp\/v2\/posts"}],"about":[{"href":"https:\/\/lavozpuntana.com\/index.php?rest_route=\/wp\/v2\/types\/post"}],"author":[{"embeddable":true,"href":"https:\/\/lavozpuntana.com\/index.php?rest_route=\/wp\/v2\/users\/4"}],"replies":[{"embeddable":true,"href":"https:\/\/lavozpuntana.com\/index.php?rest_route=%2Fwp%2Fv2%2Fcomments&post=13615"}],"version-history":[{"count":1,"href":"https:\/\/lavozpuntana.com\/index.php?rest_route=\/wp\/v2\/posts\/13615\/revisions"}],"predecessor-version":[{"id":13617,"href":"https:\/\/lavozpuntana.com\/index.php?rest_route=\/wp\/v2\/posts\/13615\/revisions\/13617"}],"wp:featuredmedia":[{"embeddable":true,"href":"https:\/\/lavozpuntana.com\/index.php?rest_route=\/wp\/v2\/media\/13616"}],"wp:attachment":[{"href":"https:\/\/lavozpuntana.com\/index.php?rest_route=%2Fwp%2Fv2%2Fmedia&parent=13615"}],"wp:term":[{"taxonomy":"category","embeddable":true,"href":"https:\/\/lavozpuntana.com\/index.php?rest_route=%2Fwp%2Fv2%2Fcategories&post=13615"},{"taxonomy":"post_tag","embeddable":true,"href":"https:\/\/lavozpuntana.com\/index.php?rest_route=%2Fwp%2Fv2%2Ftags&post=13615"}],"curies":[{"name":"wp","href":"https:\/\/api.w.org\/{rel}","templated":true}]}}