{"id":13622,"date":"2024-06-24T12:26:16","date_gmt":"2024-06-24T15:26:16","guid":{"rendered":"https:\/\/lavozpuntana.com\/?p=13622"},"modified":"2024-06-24T12:26:17","modified_gmt":"2024-06-24T15:26:17","slug":"desde-paraguay-niegan-que-haya-indicios-concretos-de-que-loan-haya-cruzado-la-frontera","status":"publish","type":"post","link":"https:\/\/lavozpuntana.com\/?p=13622","title":{"rendered":"DESDE PARAGUAY NIEGAN QUE HAYA INDICIOS CONCRETOS DE QUE LOAN HAYA CRUZADO LA FRONTERA"},"content":{"rendered":"\n<figure class=\"wp-block-image size-full\"><img loading=\"lazy\" decoding=\"async\" width=\"960\" height=\"640\" src=\"http:\/\/lavozpuntana.com\/wp-content\/uploads\/2024\/06\/849664-848545-loan-0.jpg\" alt=\"\" class=\"wp-image-13623\" srcset=\"https:\/\/lavozpuntana.com\/wp-content\/uploads\/2024\/06\/849664-848545-loan-0.jpg 960w, https:\/\/lavozpuntana.com\/wp-content\/uploads\/2024\/06\/849664-848545-loan-0-300x200.jpg 300w, https:\/\/lavozpuntana.com\/wp-content\/uploads\/2024\/06\/849664-848545-loan-0-768x512.jpg 768w\" sizes=\"auto, (max-width: 960px) 100vw, 960px\" \/><\/figure>\n\n\n\n<p><strong>El Jefe del Departamento Antisecuestros paraguayo sostuvo que solo investigaron cuando un llamado an\u00f3nimo indicaba que hab\u00edan visto al menor cerca de Ciudad del Este.<\/strong><\/p>\n\n\n\n<p>La ministra de Seguridad, Patricia Bullrich, confirm\u00f3 que viajar\u00e1 a Paraguay por \u201cuna hip\u00f3tesis\u201d de que Loan Danilo Pe\u00f1a cruz\u00f3 la frontera, pero desde el pa\u00eds vecino niegan que haya indicios concretos de que el menor est\u00e9 all\u00ed.<\/p>\n\n\n\n<p>\u201cHasta hoy, no recibimos elementos materiales que sostengan que al chico lo pasaron para ac\u00e1\u201d, asegur\u00f3 Nimio Cardozo, jefe del Departamento Antisecuestros de Paraguay.<\/p>\n\n\n\n<p>En di\u00e1logo con Cadena3, Cardozo explic\u00f3 que solo investigaron cuando un llamado an\u00f3nimo, proveniente de la Argentina, indicaba que hab\u00edan visto al menor cerca de Ciudad del Este: \u00abDesplegamos una brigada, levantamos im\u00e1genes de un circuito cerrado e identificamos al chico que dec\u00edan que era Loan, pero no era\u201d.<\/p>\n\n\n\n<p>Desde Paraguay niegan que haya indicios concretos de que Loan haya cruzado la frontera<\/p>\n\n\n\n<p>El funcionario trat\u00f3 de ser prudente y sostuvo que en Paraguay ya se tomaron los recaudos necesarios en el caso: \u201cEstamos trabajando con la Polic\u00eda de Trata de Personas y otras unidades especializadas de Paraguay. Tenemos que ser objetivos y no generar falsas expectativas\u201d.<\/p>\n\n\n\n<p>Aunque trat\u00f3 de ser riguroso con el tema, Cardozo admiti\u00f3: \u201cParaguay es uno de los pa\u00edses con las fronteras m\u00e1s permeables de Sudam\u00e9rica\u201d.<\/p>\n","protected":false},"excerpt":{"rendered":"<p>El Jefe del Departamento Antisecuestros paraguayo sostuvo que solo investigaron cuando un llamado an\u00f3nimo indicaba que hab\u00edan visto al menor cerca de Ciudad del Este.<\/p>\n","protected":false},"author":4,"featured_media":13623,"comment_status":"closed","ping_status":"closed","sticky":false,"template":"","format":"standard","meta":{"footnotes":""},"categories":[4],"tags":[],"class_list":["post-13622","post","type-post","status-publish","format-standard","has-post-thumbnail","hentry","category-la-provincia"],"_links":{"self":[{"href":"https:\/\/lavozpuntana.com\/index.php?rest_route=\/wp\/v2\/posts\/13622","targetHints":{"allow":["GET"]}}],"collection":[{"href":"https:\/\/lavozpuntana.com\/index.php?rest_route=\/wp\/v2\/posts"}],"about":[{"href":"https:\/\/lavozpuntana.com\/index.php?rest_route=\/wp\/v2\/types\/post"}],"author":[{"embeddable":true,"href":"https:\/\/lavozpuntana.com\/index.php?rest_route=\/wp\/v2\/users\/4"}],"replies":[{"embeddable":true,"href":"https:\/\/lavozpuntana.com\/index.php?rest_route=%2Fwp%2Fv2%2Fcomments&post=13622"}],"version-history":[{"count":1,"href":"https:\/\/lavozpuntana.com\/index.php?rest_route=\/wp\/v2\/posts\/13622\/revisions"}],"predecessor-version":[{"id":13624,"href":"https:\/\/lavozpuntana.com\/index.php?rest_route=\/wp\/v2\/posts\/13622\/revisions\/13624"}],"wp:featuredmedia":[{"embeddable":true,"href":"https:\/\/lavozpuntana.com\/index.php?rest_route=\/wp\/v2\/media\/13623"}],"wp:attachment":[{"href":"https:\/\/lavozpuntana.com\/index.php?rest_route=%2Fwp%2Fv2%2Fmedia&parent=13622"}],"wp:term":[{"taxonomy":"category","embeddable":true,"href":"https:\/\/lavozpuntana.com\/index.php?rest_route=%2Fwp%2Fv2%2Fcategories&post=13622"},{"taxonomy":"post_tag","embeddable":true,"href":"https:\/\/lavozpuntana.com\/index.php?rest_route=%2Fwp%2Fv2%2Ftags&post=13622"}],"curies":[{"name":"wp","href":"https:\/\/api.w.org\/{rel}","templated":true}]}}