{"id":13628,"date":"2024-06-24T22:55:43","date_gmt":"2024-06-25T01:55:43","guid":{"rendered":"https:\/\/lavozpuntana.com\/?p=13628"},"modified":"2024-06-24T22:55:44","modified_gmt":"2024-06-25T01:55:44","slug":"demoraron-a-un-joven-que-ocasiono-disturbios-en-la-via-publica","status":"publish","type":"post","link":"https:\/\/lavozpuntana.com\/?p=13628","title":{"rendered":"DEMORARON A UN JOVEN QUE OCASION\u00d3 DISTURBIOS EN LA V\u00cdA P\u00daBLICA"},"content":{"rendered":"\n<figure class=\"wp-block-image size-full\"><img loading=\"lazy\" decoding=\"async\" width=\"720\" height=\"594\" src=\"https:\/\/lavozpuntana.com\/wp-content\/uploads\/2024\/06\/WhatsApp-Image-2024-06-24-at-21.40.06.jpeg\" alt=\"\" class=\"wp-image-13629\" srcset=\"https:\/\/lavozpuntana.com\/wp-content\/uploads\/2024\/06\/WhatsApp-Image-2024-06-24-at-21.40.06.jpeg 720w, https:\/\/lavozpuntana.com\/wp-content\/uploads\/2024\/06\/WhatsApp-Image-2024-06-24-at-21.40.06-300x248.jpeg 300w\" sizes=\"auto, (max-width: 720px) 100vw, 720px\" \/><\/figure>\n\n\n\n<p><strong>Polic\u00edas de la secci\u00f3n ciclista del Comando Radioel\u00e9ctrico demoraron a un joven de 21 a\u00f1os en la ciudad de San Luis. El procedimiento se llev\u00f3 adelante este lunes por la tarde, en peatonal Rivadavia al 800.<\/strong><\/p>\n\n\n\n<p>El joven molestaba a los transe\u00fantes y generaba disturbios en el Paseo del Padre, golpeando las puertas de los comercios. Cuando los polic\u00edas lo interceptaron e identificaron, el individuo se volvi\u00f3 agresivo.<\/p>\n\n\n\n<p>Tras el procedimiento, el joven fue demorado y trasladado a la Comisar\u00eda Seccional 1\u00b0, donde se labran las actuaciones correspondientes.<\/p>\n","protected":false},"excerpt":{"rendered":"<p>Polic\u00edas de la secci\u00f3n ciclista del Comando Radioel\u00e9ctrico demoraron a un joven de 21 a\u00f1os en la ciudad de San Luis. El procedimiento se llev\u00f3 adelante este lunes por la tarde, en peatonal Rivadavia al 800.<\/p>\n","protected":false},"author":4,"featured_media":13629,"comment_status":"closed","ping_status":"closed","sticky":false,"template":"","format":"standard","meta":{"footnotes":""},"categories":[4],"tags":[],"class_list":["post-13628","post","type-post","status-publish","format-standard","has-post-thumbnail","hentry","category-la-provincia"],"_links":{"self":[{"href":"https:\/\/lavozpuntana.com\/index.php?rest_route=\/wp\/v2\/posts\/13628","targetHints":{"allow":["GET"]}}],"collection":[{"href":"https:\/\/lavozpuntana.com\/index.php?rest_route=\/wp\/v2\/posts"}],"about":[{"href":"https:\/\/lavozpuntana.com\/index.php?rest_route=\/wp\/v2\/types\/post"}],"author":[{"embeddable":true,"href":"https:\/\/lavozpuntana.com\/index.php?rest_route=\/wp\/v2\/users\/4"}],"replies":[{"embeddable":true,"href":"https:\/\/lavozpuntana.com\/index.php?rest_route=%2Fwp%2Fv2%2Fcomments&post=13628"}],"version-history":[{"count":1,"href":"https:\/\/lavozpuntana.com\/index.php?rest_route=\/wp\/v2\/posts\/13628\/revisions"}],"predecessor-version":[{"id":13630,"href":"https:\/\/lavozpuntana.com\/index.php?rest_route=\/wp\/v2\/posts\/13628\/revisions\/13630"}],"wp:featuredmedia":[{"embeddable":true,"href":"https:\/\/lavozpuntana.com\/index.php?rest_route=\/wp\/v2\/media\/13629"}],"wp:attachment":[{"href":"https:\/\/lavozpuntana.com\/index.php?rest_route=%2Fwp%2Fv2%2Fmedia&parent=13628"}],"wp:term":[{"taxonomy":"category","embeddable":true,"href":"https:\/\/lavozpuntana.com\/index.php?rest_route=%2Fwp%2Fv2%2Fcategories&post=13628"},{"taxonomy":"post_tag","embeddable":true,"href":"https:\/\/lavozpuntana.com\/index.php?rest_route=%2Fwp%2Fv2%2Ftags&post=13628"}],"curies":[{"name":"wp","href":"https:\/\/api.w.org\/{rel}","templated":true}]}}