{"id":13637,"date":"2024-06-24T23:04:00","date_gmt":"2024-06-25T02:04:00","guid":{"rendered":"https:\/\/lavozpuntana.com\/?p=13637"},"modified":"2024-06-24T23:04:00","modified_gmt":"2024-06-25T02:04:00","slug":"reforzaran-la-luminaria-publica-en-barrios-y-avenidas-de-la-ciudad","status":"publish","type":"post","link":"https:\/\/lavozpuntana.com\/?p=13637","title":{"rendered":"REFORZAR\u00c1N LA LUMINARIA P\u00daBLICA EN BARRIOS Y AVENIDAS DE LA CIUDAD"},"content":{"rendered":"\n<figure class=\"wp-block-image size-large\"><img loading=\"lazy\" decoding=\"async\" width=\"1024\" height=\"682\" src=\"https:\/\/lavozpuntana.com\/wp-content\/uploads\/2024\/06\/WhatsApp-Image-2024-06-24-at-4.26.23-PM-1536x1023-1-1024x682.jpeg\" alt=\"\" class=\"wp-image-13638\" srcset=\"https:\/\/lavozpuntana.com\/wp-content\/uploads\/2024\/06\/WhatsApp-Image-2024-06-24-at-4.26.23-PM-1536x1023-1-1024x682.jpeg 1024w, https:\/\/lavozpuntana.com\/wp-content\/uploads\/2024\/06\/WhatsApp-Image-2024-06-24-at-4.26.23-PM-1536x1023-1-300x200.jpeg 300w, https:\/\/lavozpuntana.com\/wp-content\/uploads\/2024\/06\/WhatsApp-Image-2024-06-24-at-4.26.23-PM-1536x1023-1-768x512.jpeg 768w, https:\/\/lavozpuntana.com\/wp-content\/uploads\/2024\/06\/WhatsApp-Image-2024-06-24-at-4.26.23-PM-1536x1023-1.jpeg 1536w\" sizes=\"auto, (max-width: 1024px) 100vw, 1024px\" \/><\/figure>\n\n\n\n<p><strong>Con la presencia del gobernador Claudio Poggi, la municipalidad de San Luis present\u00f3 el plan integral de alumbrado p\u00fablico denominado \u2018Iluminando tu barrio\u2019, un proyecto que se ejecutar\u00e1 con fondos compartidos con la Provincia que surgir\u00e1n de la coparticipaci\u00f3n para la reactivaci\u00f3n productiva y reforzar la seguridad local.<\/strong><\/p>\n\n\n\n<p>El plan \u2018Construyendo con tu Pueblo\u2019 impulsado por la Provincia y que se lleva adelante en cada localidad, tiene como objetivo generar fuentes de trabajo, fomentar la contrataci\u00f3n de mano de obra local y la adquisici\u00f3n de bienes y servicios dentro de las ciudades, reconstruir el tejido social en su conjunto y luchar contra la inseguridad. La instalaci\u00f3n de luminarias contribuye a esto \u00faltimo y por eso el convenio que se suscribe con cada municipio establece que un 30% de los fondos debe destinarse a mejorar la iluminaci\u00f3n atendiendo a cuestiones ambientales a partir de nuevas tecnolog\u00edas.<\/p>\n\n\n\n<p>La Municipalidad de San Luis diagram\u00f3 un plan integral de alumbrado p\u00fablico que ejecutar\u00e1 a lo largo de seis meses y llegar\u00e1 a diferentes barrios y avenidas de la ciudad. Comenzar\u00e1 en julio y fue presentado este lunes por el intendente Gast\u00f3n Hissa. El acto se realiz\u00f3 en la plaza Maximiliano Toro de la zona sur y cont\u00f3 con la presencia del gobernador Claudio Poggi.<\/p>\n\n\n\n<p>\u2018Iluminando tu barrio\u2019 prev\u00e9 la instalaci\u00f3n de 4.050 luminarias distribuidas de la siguiente manera: 1.500 luminarias (6.200 metros de cable) y 500 fotoc\u00e9lulas en los barrios Eva Per\u00f3n; 544 viviendas; Pucara; Jos\u00e9 Hern\u00e1ndez; San Mart\u00edn; Solidaridad; Estrella del Sur; Tibiletti; 500 Viviendas Norte; N\u00e9stor Kirchner y otros.<\/p>\n\n\n\n<p>Por otro lado, 1.150 luminarias (4.000 metros de cable) y 55 fotoc\u00e9lulas en el microcentro ser\u00e1n para las avenidas Lafinur, Espa\u00f1a; Juan Gilberto Funes y Presidente Per\u00f3n y 300 luminarias (4.000 metros de cable) y 50 fotoc\u00e9lulas en el corredor Eva Per\u00f3n; las avenidas del Fundador; Quinto Centenario; Italia; Ej\u00e9rcito de las Andes; Riobamba; H\u00e9roes de Malvinas; Mart\u00edn de Loyola y Arist\u00f3bulo del Valle; ex Ruta 3; Don Bosco; Carlos Pellegrini; Ant\u00e1rtida Argentina e Ituzaing\u00f3.<\/p>\n\n\n\n<p>Durante el lanzamiento, el Intendente cont\u00f3 \u201cesta es una primera etapa del plan en la que se instalar\u00e1n 4050 luminarias y anunciamos reci\u00e9n con presencia del gobernador que vamos a renovar por 4500 m\u00e1s para el a\u00f1o que viene. Los trabajos incluyen la instalaci\u00f3n de luminarias en nuevos espacios y el reemplazo de otras ya existentes o que fueron sustra\u00eddas. Hay lugares en donde no hay luminarias y otros en donde se las robaron. Tambi\u00e9n vamos a reemplazar cables que han sido sustra\u00eddos y fotoc\u00e9lulas y armar un mapa tecnol\u00f3gico para saber cu\u00e1l es el porcentaje que tiene la ciudad en luminarias LED. Queremos saber cu\u00e1ntas tenemos, cu\u00e1ntos postes hay por cuadra y qu\u00e9 necesitamos para cubrir la totalidad de la ciudad. Hoy no tenemos ese dato\u201d, dijo Hissa.<\/p>\n\n\n\n<p>Por \u00faltimo, el Gobernador habl\u00f3 con los vecinos y asegur\u00f3 que este lanzamiento es una manera de \u201cponer luz a la oscuridad dentro de los barrios sanluise\u00f1os. La seguridad no es la misma en un barrio o en el centro de una avenida si tiene luz o alumbrado p\u00fablico. Si no la tiene, es caldo de cultivo para que el delincuente se esconda, guarde su bot\u00edn y lo venga a buscar otro d\u00eda. Cuando hay luz, la inseguridad se frena. Por eso quer\u00eda estar presente hoy, porque gobernar es priorizar, pero con una planificaci\u00f3n. No hay gobierno sin planificaci\u00f3n\u201d, se\u00f1al\u00f3.<\/p>\n","protected":false},"excerpt":{"rendered":"<p>Con la presencia del gobernador Claudio Poggi, la municipalidad de San Luis present\u00f3 el plan integral de alumbrado p\u00fablico denominado \u2018Iluminando tu barrio\u2019, un proyecto que se ejecutar\u00e1 con fondos compartidos con la Provincia que surgir\u00e1n de la coparticipaci\u00f3n para la reactivaci\u00f3n productiva y reforzar la seguridad local.<\/p>\n","protected":false},"author":4,"featured_media":13638,"comment_status":"closed","ping_status":"closed","sticky":false,"template":"","format":"standard","meta":{"footnotes":""},"categories":[4],"tags":[],"class_list":["post-13637","post","type-post","status-publish","format-standard","has-post-thumbnail","hentry","category-la-provincia"],"_links":{"self":[{"href":"https:\/\/lavozpuntana.com\/index.php?rest_route=\/wp\/v2\/posts\/13637","targetHints":{"allow":["GET"]}}],"collection":[{"href":"https:\/\/lavozpuntana.com\/index.php?rest_route=\/wp\/v2\/posts"}],"about":[{"href":"https:\/\/lavozpuntana.com\/index.php?rest_route=\/wp\/v2\/types\/post"}],"author":[{"embeddable":true,"href":"https:\/\/lavozpuntana.com\/index.php?rest_route=\/wp\/v2\/users\/4"}],"replies":[{"embeddable":true,"href":"https:\/\/lavozpuntana.com\/index.php?rest_route=%2Fwp%2Fv2%2Fcomments&post=13637"}],"version-history":[{"count":1,"href":"https:\/\/lavozpuntana.com\/index.php?rest_route=\/wp\/v2\/posts\/13637\/revisions"}],"predecessor-version":[{"id":13639,"href":"https:\/\/lavozpuntana.com\/index.php?rest_route=\/wp\/v2\/posts\/13637\/revisions\/13639"}],"wp:featuredmedia":[{"embeddable":true,"href":"https:\/\/lavozpuntana.com\/index.php?rest_route=\/wp\/v2\/media\/13638"}],"wp:attachment":[{"href":"https:\/\/lavozpuntana.com\/index.php?rest_route=%2Fwp%2Fv2%2Fmedia&parent=13637"}],"wp:term":[{"taxonomy":"category","embeddable":true,"href":"https:\/\/lavozpuntana.com\/index.php?rest_route=%2Fwp%2Fv2%2Fcategories&post=13637"},{"taxonomy":"post_tag","embeddable":true,"href":"https:\/\/lavozpuntana.com\/index.php?rest_route=%2Fwp%2Fv2%2Ftags&post=13637"}],"curies":[{"name":"wp","href":"https:\/\/api.w.org\/{rel}","templated":true}]}}