{"id":13643,"date":"2024-06-26T13:29:23","date_gmt":"2024-06-26T16:29:23","guid":{"rendered":"https:\/\/lavozpuntana.com\/?p=13643"},"modified":"2024-06-26T13:29:24","modified_gmt":"2024-06-26T16:29:24","slug":"el-gobernador-claudio-poggi-coordino-con-nacion-la-reactivacion-de-la-obra-publica-en-la-provincia","status":"publish","type":"post","link":"https:\/\/lavozpuntana.com\/?p=13643","title":{"rendered":"EL GOBERNADOR CLAUDIO POGGI COORDIN\u00d3 CON NACI\u00d3N LA REACTIVACI\u00d3N DE LA OBRA P\u00daBLICA EN LA PROVINCIA"},"content":{"rendered":"\n<figure class=\"wp-block-image size-large\"><img loading=\"lazy\" decoding=\"async\" width=\"1024\" height=\"682\" src=\"https:\/\/lavozpuntana.com\/wp-content\/uploads\/2024\/06\/WhatsApp-Image-2024-06-25-at-19.04.22-1536x1023-1-1024x682.jpeg\" alt=\"\" class=\"wp-image-13644\" srcset=\"https:\/\/lavozpuntana.com\/wp-content\/uploads\/2024\/06\/WhatsApp-Image-2024-06-25-at-19.04.22-1536x1023-1-1024x682.jpeg 1024w, https:\/\/lavozpuntana.com\/wp-content\/uploads\/2024\/06\/WhatsApp-Image-2024-06-25-at-19.04.22-1536x1023-1-300x200.jpeg 300w, https:\/\/lavozpuntana.com\/wp-content\/uploads\/2024\/06\/WhatsApp-Image-2024-06-25-at-19.04.22-1536x1023-1-768x512.jpeg 768w, https:\/\/lavozpuntana.com\/wp-content\/uploads\/2024\/06\/WhatsApp-Image-2024-06-25-at-19.04.22-1536x1023-1.jpeg 1536w\" sizes=\"auto, (max-width: 1024px) 100vw, 1024px\" \/><\/figure>\n\n\n\n<p><strong>Durante un encuentro que sostuvo con Guillermo Francos, jefe de Gabinete de Ministros, el Primer Mandatario firm\u00f3 con el Gobierno nacional un acuerdo marco que implica la vuelta al trabajo en obras p\u00fablicas que tienen financiamiento nacional y se encontraban paralizadas, con m\u00ednima o nula curva de ejecuci\u00f3n, desde mediados de 2023.<\/strong><\/p>\n\n\n\n<p>Luego del acuerdo marco firmado entre Naci\u00f3n y Provincia, se avanzar\u00e1 en una serie de acuerdos espec\u00edficos para cada obra, en los cuales se decidir\u00e1 si se ejecutan con el cofinanciamiento entre ambos estados, o se realizaran por financiamiento nacional o algunas con fondos provinciales.<\/p>\n\n\n\n<p>El acuerdo tambi\u00e9n implica reformular los proyectos de las obras, su curva de avance y plazo de finalizaci\u00f3n, teniendo en cuenta las restricciones presupuestarias existentes tanto en la Naci\u00f3n como en la Provincia.<\/p>\n","protected":false},"excerpt":{"rendered":"<p>Durante un encuentro que sostuvo con Guillermo Francos, jefe de Gabinete de Ministros, el Primer Mandatario firm\u00f3 con el Gobierno nacional un acuerdo marco que implica la vuelta al trabajo en obras p\u00fablicas que tienen financiamiento nacional y se encontraban paralizadas, con m\u00ednima o nula curva de ejecuci\u00f3n, desde mediados de 2023.<\/p>\n","protected":false},"author":4,"featured_media":13644,"comment_status":"closed","ping_status":"closed","sticky":false,"template":"","format":"standard","meta":{"footnotes":""},"categories":[4],"tags":[],"class_list":["post-13643","post","type-post","status-publish","format-standard","has-post-thumbnail","hentry","category-la-provincia"],"_links":{"self":[{"href":"https:\/\/lavozpuntana.com\/index.php?rest_route=\/wp\/v2\/posts\/13643","targetHints":{"allow":["GET"]}}],"collection":[{"href":"https:\/\/lavozpuntana.com\/index.php?rest_route=\/wp\/v2\/posts"}],"about":[{"href":"https:\/\/lavozpuntana.com\/index.php?rest_route=\/wp\/v2\/types\/post"}],"author":[{"embeddable":true,"href":"https:\/\/lavozpuntana.com\/index.php?rest_route=\/wp\/v2\/users\/4"}],"replies":[{"embeddable":true,"href":"https:\/\/lavozpuntana.com\/index.php?rest_route=%2Fwp%2Fv2%2Fcomments&post=13643"}],"version-history":[{"count":1,"href":"https:\/\/lavozpuntana.com\/index.php?rest_route=\/wp\/v2\/posts\/13643\/revisions"}],"predecessor-version":[{"id":13645,"href":"https:\/\/lavozpuntana.com\/index.php?rest_route=\/wp\/v2\/posts\/13643\/revisions\/13645"}],"wp:featuredmedia":[{"embeddable":true,"href":"https:\/\/lavozpuntana.com\/index.php?rest_route=\/wp\/v2\/media\/13644"}],"wp:attachment":[{"href":"https:\/\/lavozpuntana.com\/index.php?rest_route=%2Fwp%2Fv2%2Fmedia&parent=13643"}],"wp:term":[{"taxonomy":"category","embeddable":true,"href":"https:\/\/lavozpuntana.com\/index.php?rest_route=%2Fwp%2Fv2%2Fcategories&post=13643"},{"taxonomy":"post_tag","embeddable":true,"href":"https:\/\/lavozpuntana.com\/index.php?rest_route=%2Fwp%2Fv2%2Ftags&post=13643"}],"curies":[{"name":"wp","href":"https:\/\/api.w.org\/{rel}","templated":true}]}}