{"id":13655,"date":"2024-06-26T13:54:38","date_gmt":"2024-06-26T16:54:38","guid":{"rendered":"https:\/\/lavozpuntana.com\/?p=13655"},"modified":"2024-06-26T13:54:39","modified_gmt":"2024-06-26T16:54:39","slug":"el-gobernador-participo-del-acto-por-los-30-anos-del-atentado-terrorista-a-la-amia","status":"publish","type":"post","link":"https:\/\/lavozpuntana.com\/?p=13655","title":{"rendered":"EL GOBERNADOR PARTICIP\u00d3 DEL ACTO POR LOS 30 A\u00d1OS DEL ATENTADO TERRORISTA A LA AMIA"},"content":{"rendered":"\n<figure class=\"wp-block-image size-large\"><img loading=\"lazy\" decoding=\"async\" width=\"1024\" height=\"682\" src=\"https:\/\/lavozpuntana.com\/wp-content\/uploads\/2024\/06\/WhatsApp-Image-2024-06-25-at-12.23.17-1536x1023-1-1024x682.jpeg\" alt=\"\" class=\"wp-image-13656\" srcset=\"https:\/\/lavozpuntana.com\/wp-content\/uploads\/2024\/06\/WhatsApp-Image-2024-06-25-at-12.23.17-1536x1023-1-1024x682.jpeg 1024w, https:\/\/lavozpuntana.com\/wp-content\/uploads\/2024\/06\/WhatsApp-Image-2024-06-25-at-12.23.17-1536x1023-1-300x200.jpeg 300w, https:\/\/lavozpuntana.com\/wp-content\/uploads\/2024\/06\/WhatsApp-Image-2024-06-25-at-12.23.17-1536x1023-1-768x512.jpeg 768w, https:\/\/lavozpuntana.com\/wp-content\/uploads\/2024\/06\/WhatsApp-Image-2024-06-25-at-12.23.17-1536x1023-1.jpeg 1536w\" sizes=\"auto, (max-width: 1024px) 100vw, 1024px\" \/><\/figure>\n\n\n\n<p><strong>Comparti\u00f3 la ma\u00f1ana en la sede de la mutual jud\u00eda con otros 14 mandatarios provinciales. Encendieron velas reclamando memoria, verdad y justicia; y adem\u00e1s firmaron una declaraci\u00f3n federal conjunta.<\/strong><\/p>\n\n\n\n<p>El gobernador, Claudio Poggi, particip\u00f3 del \u2018Encuentro Federal por la Memoria\u2019 en la Asociaci\u00f3n Mutual Israelita Argentina (AMIA), en conmemoraci\u00f3n del 30\u00b0 aniversario del atentado terrorista a la entidad.<\/p>\n\n\n\n<p>El Primer Mandatario comparti\u00f3 el acto con representantes de 18 provincias, entre ellos 15 gobernadores, en la sede de la calle Pasteur, en la Ciudad Aut\u00f3noma de Buenos Aires.<\/p>\n\n\n\n<p>Tras el discurso del presidente de la AMIA, Amos Linetzky, y de un rezo del gran rabino Elihau Hamra, los gobernadores fueron invitados a encender velas, una por cada provincia, ya que llevaban el escudo y el nombre de cada una.<\/p>\n\n\n\n<p>Fue para renovar el pedido de memoria, verdad y justicia que finalmente pueda desembocar en un castigo para los culpables del atentado, que se cobr\u00f3 85 vidas. La idea es la de mantener la memoria para que el atentado no quede impune.<\/p>\n\n\n\n<p>Luego, los asistentes pasaron por un patio interno, donde hay un recordatorio de las 85 v\u00edctimas y est\u00e1 el monumento de Yaacov Agam, que fue inaugurado en 1998, semanas antes del estreno del nuevo edificio de la mutual. Ese monumento representa el compromiso con la memoria y el reclamo de justicia. All\u00ed qued\u00f3 retratada lo que la organizaci\u00f3n llam\u00f3 una \u2018foto de familia\u2019 con los invitados.<\/p>\n\n\n\n<p>El acto continu\u00f3 dentro del auditorio de la AMIA, donde todos los gobernadores, que fueron ubicados en el escenario, dieron un discurso de apoyo al pedido que aglutina los tres reclamos b\u00e1sicos y firmaron una declaraci\u00f3n federal conjunta.<\/p>\n\n\n\n<p>All\u00ed manifestaron su voluntad y compromiso para garantizar el cumplimiento de las siguientes acciones:<\/p>\n\n\n\n<p>Realizar y apoyar la organizaci\u00f3n de actividades tendientes a denunciar la impunidad vigente en la causa, y mantener vivo el reclamo de justicia, y el homenaje permanente a las 85 v\u00edctimas fatales de la masacre perpetrada el 18 de julio de 1994.<\/p>\n\n\n\n<p>Emprender iniciativas que promuevan la paz, la defensa de los derechos humanos, la convivencia en la diversidad, y que fomenten el ejercicio de la memoria colectiva para evitar el germen de toda acci\u00f3n de odio y discriminaci\u00f3n.<\/p>\n\n\n\n<p>Asegurar que la educaci\u00f3n sea un pilar central para transmitir valores de respeto, concordia y solidaridad, y para ense\u00f1ar, a las futuras generaciones, las funestas consecuencias que el terrorismo y la violencia dejan en la sociedad.<\/p>\n\n\n\n<p>Contribuir con proyectos y programas sociales, culturales y educativos al combate contra el antisemitismo y la xenofobia, promoviendo una cultura de respeto y entendimiento mutuo.<\/p>\n\n\n\n<p>Fomentar la importancia que tiene para todo sistema republicano la apropiada administraci\u00f3n de justicia, para la construcci\u00f3n de una sociedad justa y equitativa<\/p>\n\n\n\n<p>Adem\u00e1s de la presencia del gobernador Claudio Poggi en un acto de gran importancia a 30 a\u00f1os del atentado m\u00e1s desgarrador que sufri\u00f3 la Argentina, tambi\u00e9n hubo representantes de la comunidad jud\u00eda de San Luis en la AMIA.<\/p>\n","protected":false},"excerpt":{"rendered":"<p>Comparti\u00f3 la ma\u00f1ana en la sede de la mutual jud\u00eda con otros 14 mandatarios provinciales. Encendieron velas reclamando memoria, verdad y justicia; y adem\u00e1s firmaron una declaraci\u00f3n federal conjunta.<\/p>\n","protected":false},"author":4,"featured_media":13656,"comment_status":"closed","ping_status":"closed","sticky":false,"template":"","format":"standard","meta":{"footnotes":""},"categories":[4],"tags":[],"class_list":["post-13655","post","type-post","status-publish","format-standard","has-post-thumbnail","hentry","category-la-provincia"],"_links":{"self":[{"href":"https:\/\/lavozpuntana.com\/index.php?rest_route=\/wp\/v2\/posts\/13655","targetHints":{"allow":["GET"]}}],"collection":[{"href":"https:\/\/lavozpuntana.com\/index.php?rest_route=\/wp\/v2\/posts"}],"about":[{"href":"https:\/\/lavozpuntana.com\/index.php?rest_route=\/wp\/v2\/types\/post"}],"author":[{"embeddable":true,"href":"https:\/\/lavozpuntana.com\/index.php?rest_route=\/wp\/v2\/users\/4"}],"replies":[{"embeddable":true,"href":"https:\/\/lavozpuntana.com\/index.php?rest_route=%2Fwp%2Fv2%2Fcomments&post=13655"}],"version-history":[{"count":1,"href":"https:\/\/lavozpuntana.com\/index.php?rest_route=\/wp\/v2\/posts\/13655\/revisions"}],"predecessor-version":[{"id":13657,"href":"https:\/\/lavozpuntana.com\/index.php?rest_route=\/wp\/v2\/posts\/13655\/revisions\/13657"}],"wp:featuredmedia":[{"embeddable":true,"href":"https:\/\/lavozpuntana.com\/index.php?rest_route=\/wp\/v2\/media\/13656"}],"wp:attachment":[{"href":"https:\/\/lavozpuntana.com\/index.php?rest_route=%2Fwp%2Fv2%2Fmedia&parent=13655"}],"wp:term":[{"taxonomy":"category","embeddable":true,"href":"https:\/\/lavozpuntana.com\/index.php?rest_route=%2Fwp%2Fv2%2Fcategories&post=13655"},{"taxonomy":"post_tag","embeddable":true,"href":"https:\/\/lavozpuntana.com\/index.php?rest_route=%2Fwp%2Fv2%2Ftags&post=13655"}],"curies":[{"name":"wp","href":"https:\/\/api.w.org\/{rel}","templated":true}]}}