{"id":13681,"date":"2024-06-27T14:12:13","date_gmt":"2024-06-27T17:12:13","guid":{"rendered":"https:\/\/lavozpuntana.com\/?p=13681"},"modified":"2024-06-27T14:12:13","modified_gmt":"2024-06-27T17:12:13","slug":"el-gobierno-deja-de-regular-las-tarifas-de-cable-celulares-e-internet-las-empresas-podran-fijar-aumentos-sin-tope","status":"publish","type":"post","link":"https:\/\/lavozpuntana.com\/?p=13681","title":{"rendered":"EL GOBIERNO DEJA DE REGULAR LAS TARIFAS DE CABLE, CELULARES E INTERNET: LAS EMPRESAS PODR\u00c1N FIJAR AUMENTOS SIN TOPE"},"content":{"rendered":"\n<figure class=\"wp-block-image size-full\"><img loading=\"lazy\" decoding=\"async\" width=\"880\" height=\"512\" src=\"https:\/\/lavozpuntana.com\/wp-content\/uploads\/2024\/06\/20240627140102_prueba-22.jpg\" alt=\"\" class=\"wp-image-13682\" srcset=\"https:\/\/lavozpuntana.com\/wp-content\/uploads\/2024\/06\/20240627140102_prueba-22.jpg 880w, https:\/\/lavozpuntana.com\/wp-content\/uploads\/2024\/06\/20240627140102_prueba-22-300x175.jpg 300w, https:\/\/lavozpuntana.com\/wp-content\/uploads\/2024\/06\/20240627140102_prueba-22-768x447.jpg 768w\" sizes=\"auto, (max-width: 880px) 100vw, 880px\" \/><\/figure>\n\n\n\n<p><strong>La medida tomada por el ENACOM es de aplicaci\u00f3n inmediata. Un reciente estudio arroj\u00f3 que el 67,5% de los hogares argentinos implementaron medidas para reducir los costos de su servicio de red.<\/strong><\/p>\n\n\n\n<p>El Ente Nacional de Telecomunicaciones (ENACOM), elimin\u00f3 las regulaciones que limitaban los aumentos en las tarifas de internet, celulares y cable, a trav\u00e9s de la Resoluci\u00f3n 13\/2024, publicada este jueves en el Bolet\u00edn Oficial.<\/p>\n\n\n\n<p>La normativa deja sin efecto una serie de reglamentaciones que establec\u00edan topes a las subas de los servicios de telecomunicaciones, entre las que estaban que no pod\u00edan aplicar incrementos superiores al 10% mensual. Ahora las empresas tendr\u00e1n v\u00eda libre para estipular las actualizaciones en sus valores.<\/p>\n\n\n\n<p>La decisi\u00f3n del organismo intervenido a principios de a\u00f1o entrar\u00e1 en vigencia desde su publicaci\u00f3n, por lo que el impacto en las tarifas del cable, celulares e internet ya podr\u00eda verse reflejado desde julio.<\/p>\n\n\n\n<p>La medida se ampara en el Decreto de Necesidad y Urgencia (DNU) N\u00b0 302 del 9 de abril de 2024, que derog\u00f3 el DNU N\u00b0 690\/2020, junto con el Art\u00edculo 15 de la Ley N\u00b0 27.078 y modificatorias, e incluy\u00f3 cambios en sus art\u00edculos 48 y 54.<\/p>\n\n\n\n<p>A partir de la modificaci\u00f3n, el art\u00edculo 48 establece que \u201clos licenciatarios de Servicios de TIC fijar\u00e1n sus precios, los que deber\u00e1n ser justos y razonables, cubrir los costos de la explotaci\u00f3n y tender a la prestaci\u00f3n eficiente y a un margen razonable de operaci\u00f3n\u201d.<\/p>\n\n\n\n<p>Adem\u00e1s, el texto oficial record\u00f3 que en los considerandos del DNU 302\/2024 se expuso que \u201c\u2026los servicios de TIC han sido creados en competencia, as\u00ed como la prestaci\u00f3n de los servicios de comunicaciones m\u00f3viles, siendo una facultad esencial para su desarrollo y crecimiento la posibilidad de que los licenciatarios puedan fijar sus precios libremente\u201d.<\/p>\n\n\n\n<p>En esa l\u00ednea, tambi\u00e9n mencionaba que \u201c\u2026 el DNU N\u00b0 690\/2020 establece una modificaci\u00f3n esencial sobre el marco jur\u00eddico del sector, que debe ser corregida con el fin de salvaguardar las reglas que permitan el desarrollo de un mercado en competencia y la libre fijaci\u00f3n de los precios de los servicios prestados\u201d.<\/p>\n\n\n\n<p>La desregulaci\u00f3n de las telecomunicaciones se da en medio del impacto que atraviesa el sector por la recesi\u00f3n, lo que se reflej\u00f3 en un informe de la C\u00e1mara Argentina de Internet (CABASE), donde se revela que las familias argentinas est\u00e1n buscando reducir el impacto de los costos de la conectividad en sus presupuestos.<\/p>\n\n\n\n<p>El estudio arroj\u00f3 que el 67,5% de los hogares argentinos implementaron medidas para reducir los costos de su servicio de internet fijo, en respuesta al complejo contexto econ\u00f3mico de los \u00faltimos meses. Mientras que el 65,3% de los hogares tambi\u00e9n ajustaron sus gastos en servicios de TV paga.<\/p>\n","protected":false},"excerpt":{"rendered":"<p>La medida tomada por el ENACOM es de aplicaci\u00f3n inmediata. Un reciente estudio arroj\u00f3 que el 67,5% de los hogares argentinos implementaron medidas para reducir los costos de su servicio de red.<\/p>\n","protected":false},"author":4,"featured_media":13682,"comment_status":"closed","ping_status":"closed","sticky":false,"template":"","format":"standard","meta":{"footnotes":""},"categories":[4],"tags":[],"class_list":["post-13681","post","type-post","status-publish","format-standard","has-post-thumbnail","hentry","category-la-provincia"],"_links":{"self":[{"href":"https:\/\/lavozpuntana.com\/index.php?rest_route=\/wp\/v2\/posts\/13681","targetHints":{"allow":["GET"]}}],"collection":[{"href":"https:\/\/lavozpuntana.com\/index.php?rest_route=\/wp\/v2\/posts"}],"about":[{"href":"https:\/\/lavozpuntana.com\/index.php?rest_route=\/wp\/v2\/types\/post"}],"author":[{"embeddable":true,"href":"https:\/\/lavozpuntana.com\/index.php?rest_route=\/wp\/v2\/users\/4"}],"replies":[{"embeddable":true,"href":"https:\/\/lavozpuntana.com\/index.php?rest_route=%2Fwp%2Fv2%2Fcomments&post=13681"}],"version-history":[{"count":1,"href":"https:\/\/lavozpuntana.com\/index.php?rest_route=\/wp\/v2\/posts\/13681\/revisions"}],"predecessor-version":[{"id":13683,"href":"https:\/\/lavozpuntana.com\/index.php?rest_route=\/wp\/v2\/posts\/13681\/revisions\/13683"}],"wp:featuredmedia":[{"embeddable":true,"href":"https:\/\/lavozpuntana.com\/index.php?rest_route=\/wp\/v2\/media\/13682"}],"wp:attachment":[{"href":"https:\/\/lavozpuntana.com\/index.php?rest_route=%2Fwp%2Fv2%2Fmedia&parent=13681"}],"wp:term":[{"taxonomy":"category","embeddable":true,"href":"https:\/\/lavozpuntana.com\/index.php?rest_route=%2Fwp%2Fv2%2Fcategories&post=13681"},{"taxonomy":"post_tag","embeddable":true,"href":"https:\/\/lavozpuntana.com\/index.php?rest_route=%2Fwp%2Fv2%2Ftags&post=13681"}],"curies":[{"name":"wp","href":"https:\/\/api.w.org\/{rel}","templated":true}]}}