{"id":13689,"date":"2024-06-28T12:23:29","date_gmt":"2024-06-28T15:23:29","guid":{"rendered":"https:\/\/lavozpuntana.com\/?p=13689"},"modified":"2024-06-28T12:23:30","modified_gmt":"2024-06-28T15:23:30","slug":"concaran-la-policia-detuvo-al-tercer-sujeto-por-un-robo-a-un-ciudadano","status":"publish","type":"post","link":"https:\/\/lavozpuntana.com\/?p=13689","title":{"rendered":"CONCAR\u00c1N: LA POLIC\u00cdA DETUVO AL TERCER SUJETO POR UN ROBO A UN CIUDADANO"},"content":{"rendered":"\n<figure class=\"wp-block-image size-full\"><img loading=\"lazy\" decoding=\"async\" width=\"651\" height=\"528\" src=\"https:\/\/lavozpuntana.com\/wp-content\/uploads\/2024\/06\/WhatsApp-Image-2024-06-28-at-11.29.13.jpeg\" alt=\"\" class=\"wp-image-13690\" srcset=\"https:\/\/lavozpuntana.com\/wp-content\/uploads\/2024\/06\/WhatsApp-Image-2024-06-28-at-11.29.13.jpeg 651w, https:\/\/lavozpuntana.com\/wp-content\/uploads\/2024\/06\/WhatsApp-Image-2024-06-28-at-11.29.13-300x243.jpeg 300w\" sizes=\"auto, (max-width: 651px) 100vw, 651px\" \/><\/figure>\n\n\n\n<p><strong>Este jueves, efectivos de la Comisar\u00eda Distrito 22\u00b0 detuvieron a un hombre de 23 a\u00f1os de edad, de apellido Godoy, implicado en el robo a un ciudadano de apellido Bravo, ocurrido el pasado 19 de junio en Concar\u00e1n. La medida fue ordenada por el Juzgado de Garant\u00eda N\u00b0 2 de la Tercera Circunscripci\u00f3n Judicial.<\/strong><\/p>\n\n\n\n<p>La causa est\u00e1 caratulada como \u201cAveriguaci\u00f3n robo agravado en despoblado y en banda\u201d, con intervenci\u00f3n de la Unidad de Abordaje Fiscal de la Tercera Circunscripci\u00f3n Judicial, a cargo del Dr. Marcelo Salda\u00f1a y la fiscal adjunta, Dra. Lucila Giampieri.<\/p>\n\n\n\n<p>En ese sentido, el sujeto detenido qued\u00f3 alojado en la Alcald\u00eda de Concar\u00e1n, a disposici\u00f3n de la Justicia provincial. Cabe se\u00f1alar que el pasado mi\u00e9rcoles la Polic\u00eda hab\u00eda detenido por el mismo hecho a dos individuos -ambos de 23 a\u00f1os- de apellidos Ouharriet y Zabala.<\/p>\n","protected":false},"excerpt":{"rendered":"<p>Este jueves, efectivos de la Comisar\u00eda Distrito 22\u00b0 detuvieron a un hombre de 23 a\u00f1os de edad, de apellido Godoy, implicado en el robo a un ciudadano de apellido Bravo, ocurrido el pasado 19 de junio en Concar\u00e1n. La medida fue ordenada por el Juzgado de Garant\u00eda N\u00b0 2 de la Tercera Circunscripci\u00f3n Judicial.<\/p>\n","protected":false},"author":4,"featured_media":13690,"comment_status":"closed","ping_status":"closed","sticky":false,"template":"","format":"standard","meta":{"footnotes":""},"categories":[4],"tags":[],"class_list":["post-13689","post","type-post","status-publish","format-standard","has-post-thumbnail","hentry","category-la-provincia"],"_links":{"self":[{"href":"https:\/\/lavozpuntana.com\/index.php?rest_route=\/wp\/v2\/posts\/13689","targetHints":{"allow":["GET"]}}],"collection":[{"href":"https:\/\/lavozpuntana.com\/index.php?rest_route=\/wp\/v2\/posts"}],"about":[{"href":"https:\/\/lavozpuntana.com\/index.php?rest_route=\/wp\/v2\/types\/post"}],"author":[{"embeddable":true,"href":"https:\/\/lavozpuntana.com\/index.php?rest_route=\/wp\/v2\/users\/4"}],"replies":[{"embeddable":true,"href":"https:\/\/lavozpuntana.com\/index.php?rest_route=%2Fwp%2Fv2%2Fcomments&post=13689"}],"version-history":[{"count":1,"href":"https:\/\/lavozpuntana.com\/index.php?rest_route=\/wp\/v2\/posts\/13689\/revisions"}],"predecessor-version":[{"id":13691,"href":"https:\/\/lavozpuntana.com\/index.php?rest_route=\/wp\/v2\/posts\/13689\/revisions\/13691"}],"wp:featuredmedia":[{"embeddable":true,"href":"https:\/\/lavozpuntana.com\/index.php?rest_route=\/wp\/v2\/media\/13690"}],"wp:attachment":[{"href":"https:\/\/lavozpuntana.com\/index.php?rest_route=%2Fwp%2Fv2%2Fmedia&parent=13689"}],"wp:term":[{"taxonomy":"category","embeddable":true,"href":"https:\/\/lavozpuntana.com\/index.php?rest_route=%2Fwp%2Fv2%2Fcategories&post=13689"},{"taxonomy":"post_tag","embeddable":true,"href":"https:\/\/lavozpuntana.com\/index.php?rest_route=%2Fwp%2Fv2%2Ftags&post=13689"}],"curies":[{"name":"wp","href":"https:\/\/api.w.org\/{rel}","templated":true}]}}