{"id":13708,"date":"2024-07-02T10:57:19","date_gmt":"2024-07-02T13:57:19","guid":{"rendered":"https:\/\/lavozpuntana.com\/?p=13708"},"modified":"2024-07-02T10:57:20","modified_gmt":"2024-07-02T13:57:20","slug":"se-realizo-un-taller-sobre-la-interculturalidad-linguistica-en-la-unvime","status":"publish","type":"post","link":"https:\/\/lavozpuntana.com\/?p=13708","title":{"rendered":"SE REALIZ\u00d3 UN TALLER SOBRE LA INTERCULTURALIDAD LING\u00dc\u00cdSTICA EN LA UNVIME"},"content":{"rendered":"\n<figure class=\"wp-block-image size-large\"><img loading=\"lazy\" decoding=\"async\" width=\"1024\" height=\"576\" src=\"https:\/\/lavozpuntana.com\/wp-content\/uploads\/2024\/07\/WhatsApp-Image-2024-06-27-at-19.29.56-1024x576.jpg\" alt=\"\" class=\"wp-image-13709\" srcset=\"https:\/\/lavozpuntana.com\/wp-content\/uploads\/2024\/07\/WhatsApp-Image-2024-06-27-at-19.29.56-1024x576.jpg 1024w, https:\/\/lavozpuntana.com\/wp-content\/uploads\/2024\/07\/WhatsApp-Image-2024-06-27-at-19.29.56-300x169.jpg 300w, https:\/\/lavozpuntana.com\/wp-content\/uploads\/2024\/07\/WhatsApp-Image-2024-06-27-at-19.29.56-768x432.jpg 768w, https:\/\/lavozpuntana.com\/wp-content\/uploads\/2024\/07\/WhatsApp-Image-2024-06-27-at-19.29.56-800x450.jpg 800w, https:\/\/lavozpuntana.com\/wp-content\/uploads\/2024\/07\/WhatsApp-Image-2024-06-27-at-19.29.56.jpg 1080w\" sizes=\"auto, (max-width: 1024px) 100vw, 1024px\" \/><\/figure>\n\n\n\n<p><strong>El taller \u00abConectando Culturas\u00bb se realiz\u00f3 en la Sede Acad\u00e9mica del barrio Los Poetas, impulsado por la c\u00e1tedra Ingl\u00e9s que se dicta en las Escuelas de Ingenier\u00eda y Ciencias Ambientales y Gesti\u00f3n de Empresas y Econom\u00eda, en conjunto con Secretar\u00eda de Extensi\u00f3n Universitaria.<\/strong><\/p>\n\n\n\n<p>La actividad, organizada por la Mgtr. Ileana Betsab\u00e9 Bonetto y el T.P.N. Germ\u00e1n P\u00e9rez Riesco, se desarroll\u00f3 el pasado jueves de 11:00 a 13:00.<\/p>\n\n\n\n<p>El taller cont\u00f3 con una amplia participaci\u00f3n de la comunidad universitaria y se desarroll\u00f3 a partir de un trabajo en conjunto con la Secretar\u00eda de Extensi\u00f3n y AFS Programas Interculturales, una organizaci\u00f3n l\u00edder en educaci\u00f3n intercultural.<\/p>\n\n\n\n<p>Los disertantes fueron cinco estudiantes extranjeros procedentes de Italia, Austria, Dinamarca y Alemania, acompa\u00f1ados por tres voluntarios argentinos. Los expositores fueron Jeremy Zinmmermann (Austria), Jannik Jorgensen (Dinamarca), Leda Ismaili (Italia), Allegra Nobili (Italia) y Nina L\u00fcdicke (Alemania).<\/p>\n\n\n\n<p>Durante el encuentro, los asistentes demostraron un gran inter\u00e9s en los temas presentados, resaltando la importancia de desarrollar y perfeccionar competencias ling\u00fc\u00edsticas.<\/p>\n\n\n\n<p>En la oportunidad, el Vicerrector, Lic. Santiago Farenga, particip\u00f3 acompa\u00f1ado por el Secretario Acad\u00e9mico y de Posgrado, Lic. Enrique Chiesa, el Director de la Escuela de Gesti\u00f3n de Empresas y Econom\u00eda D.I. Diego P\u00e1jaro, y el Director de la Escuela de Ingenier\u00eda y Ciencias Ambientales Ing. Alejandro Rosa.<\/p>\n\n\n\n<p>Las autoridades realizaron un recorrido por las instalaciones junto a los participantes, mostrando los diversos espacios y recursos de la Universidad. Celebraron esta iniciativa y felicitaron a todo el equipo organizador, subrayando el compromiso institucional con la promoci\u00f3n de la interculturalidad y el pluriling\u00fcismo como ejes importantes en la formaci\u00f3n de los estudiantes.<\/p>\n\n\n\n<p>Adem\u00e1s del taller, los alumnos extranjeros tuvieron la oportunidad de recorrer lugares ic\u00f3nicos de Villa Mercedes, entre ellos el Complejo Calle Angosta, el Museo Veteranos de Guerra de Malvinas, el boliche Don Miranda, el Palacio de los Deportes, el Parque la Pedrera, los Espejos de Agua y el Museo Ferroviario. Estos recorridos permitieron a los visitantes conocer m\u00e1s sobre la cultura e historia local, enriqueciendo a\u00fan m\u00e1s su experiencia intercultural.<\/p>\n","protected":false},"excerpt":{"rendered":"<p>El taller \u00abConectando Culturas\u00bb se realiz\u00f3 en la Sede Acad\u00e9mica del barrio Los Poetas, impulsado por la c\u00e1tedra Ingl\u00e9s que se dicta en las Escuelas de Ingenier\u00eda y Ciencias Ambientales y Gesti\u00f3n de Empresas y Econom\u00eda, en conjunto con Secretar\u00eda de Extensi\u00f3n Universitaria.<\/p>\n","protected":false},"author":4,"featured_media":13709,"comment_status":"closed","ping_status":"closed","sticky":false,"template":"","format":"standard","meta":{"footnotes":""},"categories":[4],"tags":[],"class_list":["post-13708","post","type-post","status-publish","format-standard","has-post-thumbnail","hentry","category-la-provincia"],"_links":{"self":[{"href":"https:\/\/lavozpuntana.com\/index.php?rest_route=\/wp\/v2\/posts\/13708","targetHints":{"allow":["GET"]}}],"collection":[{"href":"https:\/\/lavozpuntana.com\/index.php?rest_route=\/wp\/v2\/posts"}],"about":[{"href":"https:\/\/lavozpuntana.com\/index.php?rest_route=\/wp\/v2\/types\/post"}],"author":[{"embeddable":true,"href":"https:\/\/lavozpuntana.com\/index.php?rest_route=\/wp\/v2\/users\/4"}],"replies":[{"embeddable":true,"href":"https:\/\/lavozpuntana.com\/index.php?rest_route=%2Fwp%2Fv2%2Fcomments&post=13708"}],"version-history":[{"count":1,"href":"https:\/\/lavozpuntana.com\/index.php?rest_route=\/wp\/v2\/posts\/13708\/revisions"}],"predecessor-version":[{"id":13710,"href":"https:\/\/lavozpuntana.com\/index.php?rest_route=\/wp\/v2\/posts\/13708\/revisions\/13710"}],"wp:featuredmedia":[{"embeddable":true,"href":"https:\/\/lavozpuntana.com\/index.php?rest_route=\/wp\/v2\/media\/13709"}],"wp:attachment":[{"href":"https:\/\/lavozpuntana.com\/index.php?rest_route=%2Fwp%2Fv2%2Fmedia&parent=13708"}],"wp:term":[{"taxonomy":"category","embeddable":true,"href":"https:\/\/lavozpuntana.com\/index.php?rest_route=%2Fwp%2Fv2%2Fcategories&post=13708"},{"taxonomy":"post_tag","embeddable":true,"href":"https:\/\/lavozpuntana.com\/index.php?rest_route=%2Fwp%2Fv2%2Ftags&post=13708"}],"curies":[{"name":"wp","href":"https:\/\/api.w.org\/{rel}","templated":true}]}}