{"id":13712,"date":"2024-07-02T11:03:34","date_gmt":"2024-07-02T14:03:34","guid":{"rendered":"https:\/\/lavozpuntana.com\/?p=13712"},"modified":"2024-07-02T11:03:34","modified_gmt":"2024-07-02T14:03:34","slug":"el-tribunal-de-cuentas-ratifico-el-deficit-y-la-falta-de-fondos-disponibles-al-momento-de-asumir-poggi","status":"publish","type":"post","link":"https:\/\/lavozpuntana.com\/?p=13712","title":{"rendered":"EL TRIBUNAL DE CUENTAS RATIFIC\u00d3 EL D\u00c9FICIT Y LA FALTA DE FONDOS DISPONIBLES AL MOMENTO DE ASUMIR POGGI"},"content":{"rendered":"\n<figure class=\"wp-block-image size-large\"><img loading=\"lazy\" decoding=\"async\" width=\"1024\" height=\"680\" src=\"https:\/\/lavozpuntana.com\/wp-content\/uploads\/2024\/07\/DSCN1142-1536x1020-1-1024x680.jpg\" alt=\"\" class=\"wp-image-13713\" srcset=\"https:\/\/lavozpuntana.com\/wp-content\/uploads\/2024\/07\/DSCN1142-1536x1020-1-1024x680.jpg 1024w, https:\/\/lavozpuntana.com\/wp-content\/uploads\/2024\/07\/DSCN1142-1536x1020-1-300x199.jpg 300w, https:\/\/lavozpuntana.com\/wp-content\/uploads\/2024\/07\/DSCN1142-1536x1020-1-768x510.jpg 768w, https:\/\/lavozpuntana.com\/wp-content\/uploads\/2024\/07\/DSCN1142-1536x1020-1.jpg 1536w\" sizes=\"auto, (max-width: 1024px) 100vw, 1024px\" \/><\/figure>\n\n\n\n<p><strong>La auditor\u00eda demostr\u00f3 un rojo ordinario de $93.125.748.517 como consecuencia de que se gast\u00f3 m\u00e1s de lo que se recaud\u00f3.<\/strong><\/p>\n\n\n\n<p>En cumplimiento del art\u00edculo 52 de la Ley N\u00baVIII-0256-2004, el Tribunal de Cuentas remiti\u00f3 a la Legislatura provincial la cuenta de inversi\u00f3n correspondiente al a\u00f1o 2023 con su intervenci\u00f3n t\u00e9cnica. De la cuenta surge que no se dispon\u00eda de fondos al cierre del a\u00f1o pasado y el Tribunal destac\u00f3 que pr\u00e1cticamente la totalidad de los saldos financieros se encontraban afectados a distintos gastos, deudas y otros conceptos que morigeraban los mismos.<\/p>\n\n\n\n<p>Dicho dictamen coincide con el relevamiento efectuado por la Facultad de Ciencias Econ\u00f3micas de la Universidad de Buenos Aires (UBA), que concluy\u00f3 sobre el d\u00e9ficit la indisponibilidad de fondos al cierre del ejercicio y la licuaci\u00f3n de los t\u00edtulos p\u00fablicos que hab\u00eda percibido la Provincia de manera excepcional con motivo del juicio ganado al Estado nacional.<\/p>\n\n\n\n<p>El contador general de la Provincia, Omar Pecorari, se\u00f1al\u00f3: \u201cAl cierre del a\u00f1o pasado no exist\u00edan fondos en el tesoro provincial, ya que los saldos estaban compuestos por fondos de terceros, fondos de empresas, fondos que estaban afectados para pagar deudas o se trataba de fondos con una asignaci\u00f3n espec\u00edfica y que no pod\u00edan disponerse libremente\u201d.<\/p>\n","protected":false},"excerpt":{"rendered":"<p>La auditor\u00eda demostr\u00f3 un rojo ordinario de $93.125.748.517 como consecuencia de que se gast\u00f3 m\u00e1s de lo que se recaud\u00f3.<\/p>\n","protected":false},"author":4,"featured_media":13709,"comment_status":"closed","ping_status":"closed","sticky":false,"template":"","format":"standard","meta":{"footnotes":""},"categories":[4],"tags":[],"class_list":["post-13712","post","type-post","status-publish","format-standard","has-post-thumbnail","hentry","category-la-provincia"],"_links":{"self":[{"href":"https:\/\/lavozpuntana.com\/index.php?rest_route=\/wp\/v2\/posts\/13712","targetHints":{"allow":["GET"]}}],"collection":[{"href":"https:\/\/lavozpuntana.com\/index.php?rest_route=\/wp\/v2\/posts"}],"about":[{"href":"https:\/\/lavozpuntana.com\/index.php?rest_route=\/wp\/v2\/types\/post"}],"author":[{"embeddable":true,"href":"https:\/\/lavozpuntana.com\/index.php?rest_route=\/wp\/v2\/users\/4"}],"replies":[{"embeddable":true,"href":"https:\/\/lavozpuntana.com\/index.php?rest_route=%2Fwp%2Fv2%2Fcomments&post=13712"}],"version-history":[{"count":1,"href":"https:\/\/lavozpuntana.com\/index.php?rest_route=\/wp\/v2\/posts\/13712\/revisions"}],"predecessor-version":[{"id":13714,"href":"https:\/\/lavozpuntana.com\/index.php?rest_route=\/wp\/v2\/posts\/13712\/revisions\/13714"}],"wp:featuredmedia":[{"embeddable":true,"href":"https:\/\/lavozpuntana.com\/index.php?rest_route=\/wp\/v2\/media\/13709"}],"wp:attachment":[{"href":"https:\/\/lavozpuntana.com\/index.php?rest_route=%2Fwp%2Fv2%2Fmedia&parent=13712"}],"wp:term":[{"taxonomy":"category","embeddable":true,"href":"https:\/\/lavozpuntana.com\/index.php?rest_route=%2Fwp%2Fv2%2Fcategories&post=13712"},{"taxonomy":"post_tag","embeddable":true,"href":"https:\/\/lavozpuntana.com\/index.php?rest_route=%2Fwp%2Fv2%2Ftags&post=13712"}],"curies":[{"name":"wp","href":"https:\/\/api.w.org\/{rel}","templated":true}]}}