{"id":13715,"date":"2024-07-02T11:05:49","date_gmt":"2024-07-02T14:05:49","guid":{"rendered":"https:\/\/lavozpuntana.com\/?p=13715"},"modified":"2024-07-02T11:05:50","modified_gmt":"2024-07-02T14:05:50","slug":"el-gobierno-dio-un-nuevo-impulso-economico-a-mas-de-70-emprendimientos","status":"publish","type":"post","link":"https:\/\/lavozpuntana.com\/?p=13715","title":{"rendered":"EL GOBIERNO DIO UN NUEVO IMPULSO ECON\u00d3MICO A M\u00c1S DE 70 EMPRENDIMIENTOS"},"content":{"rendered":"\n<figure class=\"wp-block-image size-large\"><img loading=\"lazy\" decoding=\"async\" width=\"1024\" height=\"682\" src=\"https:\/\/lavozpuntana.com\/wp-content\/uploads\/2024\/07\/WhatsApp-Image-2024-07-01-at-19.41.06-1024x682.jpeg\" alt=\"\" class=\"wp-image-13716\" srcset=\"https:\/\/lavozpuntana.com\/wp-content\/uploads\/2024\/07\/WhatsApp-Image-2024-07-01-at-19.41.06-1024x682.jpeg 1024w, https:\/\/lavozpuntana.com\/wp-content\/uploads\/2024\/07\/WhatsApp-Image-2024-07-01-at-19.41.06-300x200.jpeg 300w, https:\/\/lavozpuntana.com\/wp-content\/uploads\/2024\/07\/WhatsApp-Image-2024-07-01-at-19.41.06-768x512.jpeg 768w, https:\/\/lavozpuntana.com\/wp-content\/uploads\/2024\/07\/WhatsApp-Image-2024-07-01-at-19.41.06.jpeg 1280w\" sizes=\"auto, (max-width: 1024px) 100vw, 1024px\" \/><\/figure>\n\n\n\n<p><strong>El Ejecutivo sum\u00f3 un episodio m\u00e1s a la reactivaci\u00f3n econ\u00f3mica de la provincia. Durante este lunes, en el sal\u00f3n Malvinas Argentinas, el gobernador Claudio Poggi otorg\u00f3 cr\u00e9ditos de financiamiento p\u00fablico a emprendedores, una iniciativa que est\u00e1 dentro del plan \u2018Mi Pr\u00f3ximo Paso\u2019.<\/strong><\/p>\n\n\n\n<p>Incentivar el crecimiento del sector privado, el desarrollo econ\u00f3mico y la generaci\u00f3n de empleo son algunos de los objetivos que tiene el Gobierno provincial. Como parte de esa meta, este lunes a las 18:00, el Primer Mandatario entreg\u00f3 m\u00e1s de 70 cr\u00e9ditos para emprendimientos locales.<\/p>\n\n\n\n<p>De rubros tan diversos como gastronom\u00eda, manufactura, servicios profesionales, artesan\u00edas y productos locales, agro, industria textil, est\u00e9ticas, entre otros, los emprendedores fueron pasando al frente para recibir las l\u00edneas de financiamiento p\u00fablico, tras haberse inscripto y participado de las capacitaciones.<\/p>\n\n\n\n<p>Son familias de San Luis Capital, Villa de la Quebrada, El Volc\u00e1n, Juana Koslay, Nogol\u00ed, La Punta, Suyuque y Potrero de los Funes. \u201cEst\u00e1s actividades son emotivas, buenas y esperanzadoras. Cada uno de ustedes son emprendedores que van a dar \u2018Mi Pr\u00f3ximo Paso\u2019\u201d, manifest\u00f3 el Gobernador.<\/p>\n\n\n\n<p>\u201cEl Estado va a estar para acompa\u00f1arlos siempre\u201d, coment\u00f3 Poggi, quien anticip\u00f3 que en el futuro habr\u00e1 una segunda etapa del plan de financiamiento.<\/p>\n\n\n\n<p>Seguidamente, el Gobernador junto con otras autoridades y funcionarios provinciales entregaron las carpetas con los decretos de aprobaci\u00f3n de los pr\u00e9stamos a los beneficiarios, quienes explicaron brevemente en qu\u00e9 consiste cada emprendimiento.<\/p>\n\n\n\n<p>Esta iniciativa forma parte de los tres mil millones de pesos que la Provincia invertir\u00e1 en m\u00e1s de 1.500 proyectos aprobados, que fortalecer\u00e1n como m\u00ednimo a m\u00e1s de 3.000 puestos de trabajo.<\/p>\n","protected":false},"excerpt":{"rendered":"<p>El Ejecutivo sum\u00f3 un episodio m\u00e1s a la reactivaci\u00f3n econ\u00f3mica de la provincia. Durante este lunes, en el sal\u00f3n Malvinas Argentinas, el gobernador Claudio Poggi otorg\u00f3 cr\u00e9ditos de financiamiento p\u00fablico a emprendedores, una iniciativa que est\u00e1 dentro del plan \u2018Mi Pr\u00f3ximo Paso\u2019.<\/p>\n","protected":false},"author":4,"featured_media":13716,"comment_status":"closed","ping_status":"closed","sticky":false,"template":"","format":"standard","meta":{"footnotes":""},"categories":[4],"tags":[],"class_list":["post-13715","post","type-post","status-publish","format-standard","has-post-thumbnail","hentry","category-la-provincia"],"_links":{"self":[{"href":"https:\/\/lavozpuntana.com\/index.php?rest_route=\/wp\/v2\/posts\/13715","targetHints":{"allow":["GET"]}}],"collection":[{"href":"https:\/\/lavozpuntana.com\/index.php?rest_route=\/wp\/v2\/posts"}],"about":[{"href":"https:\/\/lavozpuntana.com\/index.php?rest_route=\/wp\/v2\/types\/post"}],"author":[{"embeddable":true,"href":"https:\/\/lavozpuntana.com\/index.php?rest_route=\/wp\/v2\/users\/4"}],"replies":[{"embeddable":true,"href":"https:\/\/lavozpuntana.com\/index.php?rest_route=%2Fwp%2Fv2%2Fcomments&post=13715"}],"version-history":[{"count":1,"href":"https:\/\/lavozpuntana.com\/index.php?rest_route=\/wp\/v2\/posts\/13715\/revisions"}],"predecessor-version":[{"id":13717,"href":"https:\/\/lavozpuntana.com\/index.php?rest_route=\/wp\/v2\/posts\/13715\/revisions\/13717"}],"wp:featuredmedia":[{"embeddable":true,"href":"https:\/\/lavozpuntana.com\/index.php?rest_route=\/wp\/v2\/media\/13716"}],"wp:attachment":[{"href":"https:\/\/lavozpuntana.com\/index.php?rest_route=%2Fwp%2Fv2%2Fmedia&parent=13715"}],"wp:term":[{"taxonomy":"category","embeddable":true,"href":"https:\/\/lavozpuntana.com\/index.php?rest_route=%2Fwp%2Fv2%2Fcategories&post=13715"},{"taxonomy":"post_tag","embeddable":true,"href":"https:\/\/lavozpuntana.com\/index.php?rest_route=%2Fwp%2Fv2%2Ftags&post=13715"}],"curies":[{"name":"wp","href":"https:\/\/api.w.org\/{rel}","templated":true}]}}