{"id":13718,"date":"2024-07-03T12:59:42","date_gmt":"2024-07-03T15:59:42","guid":{"rendered":"https:\/\/lavozpuntana.com\/?p=13718"},"modified":"2024-07-03T12:59:42","modified_gmt":"2024-07-03T15:59:42","slug":"poggi-participara-del-acto-por-el-dia-de-la-independencia","status":"publish","type":"post","link":"https:\/\/lavozpuntana.com\/?p=13718","title":{"rendered":"POGGI PARTICIPAR\u00c1 DEL ACTO POR EL D\u00cdA DE LA INDEPENDENCIA"},"content":{"rendered":"\n<figure class=\"wp-block-image size-large\"><img loading=\"lazy\" decoding=\"async\" width=\"1024\" height=\"683\" src=\"https:\/\/lavozpuntana.com\/wp-content\/uploads\/2024\/07\/WhatsApp-Image-2024-05-09-at-20.57.00-2048x1365-1-1536x1024-1-1024x683.jpeg\" alt=\"\" class=\"wp-image-13719\" srcset=\"https:\/\/lavozpuntana.com\/wp-content\/uploads\/2024\/07\/WhatsApp-Image-2024-05-09-at-20.57.00-2048x1365-1-1536x1024-1-1024x683.jpeg 1024w, https:\/\/lavozpuntana.com\/wp-content\/uploads\/2024\/07\/WhatsApp-Image-2024-05-09-at-20.57.00-2048x1365-1-1536x1024-1-300x200.jpeg 300w, https:\/\/lavozpuntana.com\/wp-content\/uploads\/2024\/07\/WhatsApp-Image-2024-05-09-at-20.57.00-2048x1365-1-1536x1024-1-768x512.jpeg 768w, https:\/\/lavozpuntana.com\/wp-content\/uploads\/2024\/07\/WhatsApp-Image-2024-05-09-at-20.57.00-2048x1365-1-1536x1024-1.jpeg 1536w\" sizes=\"auto, (max-width: 1024px) 100vw, 1024px\" \/><\/figure>\n\n\n\n<p><strong>Invitado por el presidente Javier Milei, el gobernador Claudio Poggi ser\u00e1 parte del acto por el 208\u00b0 Aniversario de la Declaraci\u00f3n de la Independencia Nacional, que se realizar\u00e1 el pr\u00f3ximo lunes 8 de julio a las 23:00 en la Casa Hist\u00f3rica de Tucum\u00e1n.<\/strong><\/p>\n\n\n\n<p>Poggi, junto a otros gobernadores, ser\u00e1 parte del evento central en San Miguel de Tucum\u00e1n y de las actividades posteriores que encabezar\u00e1 el presidente de la Naci\u00f3n, Javier Milei.<\/p>\n","protected":false},"excerpt":{"rendered":"<p>Invitado por el presidente Javier Milei, el gobernador Claudio Poggi ser\u00e1 parte del acto por el 208\u00b0 Aniversario de la Declaraci\u00f3n de la Independencia Nacional, que se realizar\u00e1 el pr\u00f3ximo lunes 8 de julio a las 23:00 en la Casa Hist\u00f3rica de Tucum\u00e1n.<\/p>\n","protected":false},"author":4,"featured_media":13719,"comment_status":"closed","ping_status":"closed","sticky":false,"template":"","format":"standard","meta":{"footnotes":""},"categories":[4],"tags":[],"class_list":["post-13718","post","type-post","status-publish","format-standard","has-post-thumbnail","hentry","category-la-provincia"],"_links":{"self":[{"href":"https:\/\/lavozpuntana.com\/index.php?rest_route=\/wp\/v2\/posts\/13718","targetHints":{"allow":["GET"]}}],"collection":[{"href":"https:\/\/lavozpuntana.com\/index.php?rest_route=\/wp\/v2\/posts"}],"about":[{"href":"https:\/\/lavozpuntana.com\/index.php?rest_route=\/wp\/v2\/types\/post"}],"author":[{"embeddable":true,"href":"https:\/\/lavozpuntana.com\/index.php?rest_route=\/wp\/v2\/users\/4"}],"replies":[{"embeddable":true,"href":"https:\/\/lavozpuntana.com\/index.php?rest_route=%2Fwp%2Fv2%2Fcomments&post=13718"}],"version-history":[{"count":1,"href":"https:\/\/lavozpuntana.com\/index.php?rest_route=\/wp\/v2\/posts\/13718\/revisions"}],"predecessor-version":[{"id":13720,"href":"https:\/\/lavozpuntana.com\/index.php?rest_route=\/wp\/v2\/posts\/13718\/revisions\/13720"}],"wp:featuredmedia":[{"embeddable":true,"href":"https:\/\/lavozpuntana.com\/index.php?rest_route=\/wp\/v2\/media\/13719"}],"wp:attachment":[{"href":"https:\/\/lavozpuntana.com\/index.php?rest_route=%2Fwp%2Fv2%2Fmedia&parent=13718"}],"wp:term":[{"taxonomy":"category","embeddable":true,"href":"https:\/\/lavozpuntana.com\/index.php?rest_route=%2Fwp%2Fv2%2Fcategories&post=13718"},{"taxonomy":"post_tag","embeddable":true,"href":"https:\/\/lavozpuntana.com\/index.php?rest_route=%2Fwp%2Fv2%2Ftags&post=13718"}],"curies":[{"name":"wp","href":"https:\/\/api.w.org\/{rel}","templated":true}]}}