{"id":13727,"date":"2024-07-03T13:14:13","date_gmt":"2024-07-03T16:14:13","guid":{"rendered":"https:\/\/lavozpuntana.com\/?p=13727"},"modified":"2024-07-03T13:14:14","modified_gmt":"2024-07-03T16:14:14","slug":"el-gobernador-se-reunio-con-representantes-de-entes-descentralizados-y-sociedades-del-estado","status":"publish","type":"post","link":"https:\/\/lavozpuntana.com\/?p=13727","title":{"rendered":"EL GOBERNADOR SE REUNI\u00d3 CON REPRESENTANTES DE ENTES DESCENTRALIZADOS Y SOCIEDADES DEL ESTADO"},"content":{"rendered":"\n<figure class=\"wp-block-image size-large\"><img loading=\"lazy\" decoding=\"async\" width=\"1024\" height=\"683\" src=\"https:\/\/lavozpuntana.com\/wp-content\/uploads\/2024\/07\/FAU_3760-1536x1024-1-1024x683.jpg\" alt=\"\" class=\"wp-image-13728\" srcset=\"https:\/\/lavozpuntana.com\/wp-content\/uploads\/2024\/07\/FAU_3760-1536x1024-1-1024x683.jpg 1024w, https:\/\/lavozpuntana.com\/wp-content\/uploads\/2024\/07\/FAU_3760-1536x1024-1-300x200.jpg 300w, https:\/\/lavozpuntana.com\/wp-content\/uploads\/2024\/07\/FAU_3760-1536x1024-1-768x512.jpg 768w, https:\/\/lavozpuntana.com\/wp-content\/uploads\/2024\/07\/FAU_3760-1536x1024-1.jpg 1536w\" sizes=\"auto, (max-width: 1024px) 100vw, 1024px\" \/><\/figure>\n\n\n\n<p><strong>La actividad comenz\u00f3 a las 15:00 en el Sal\u00f3n Blanco de Casa de Gobierno y se extendi\u00f3 hasta las 19:00. El gobernador, Claudio Poggi, analiz\u00f3 la tarea que realiza cada una de las empresas y les solicit\u00f3 eficiencia en el manejo de los recursos del Estado.<\/strong><\/p>\n\n\n\n<p>Adem\u00e1s, el Mandatario les se\u00f1al\u00f3 la importancia de trabajar en la innovaci\u00f3n e investigaci\u00f3n de acuerdo al perfil de cada empresa, siempre cuidando los recursos.<\/p>\n\n\n\n<p>Participaron: Ente Deporte San Luis, AGROZAL SAPEM, IMPROFOP SAPEM, Sol Puntano SAPEM, Ente de Desarrollo Aeron\u00e1utico, Constructora San Luis SAPEM, Ente de Control de Rutas, San Luis Energ\u00eda SAPEM, San Luis Agua, Agencia de Ciencia Tecnolog\u00eda, Servicios y Consultor\u00eda San Luis SAPEM, Planta de Tratamiento de Residuos, Laboratorios Puntanos SAPEM, Instituto de Investigaci\u00f3n y Trasplante San Luis, Hospital Ram\u00f3n Carrillo, Centro de Producci\u00f3n de Oportunidades, Complejo Molino F\u00e9nix, ENTE EDIRO, Hotel Internacional Potrero de los Funes.<\/p>\n","protected":false},"excerpt":{"rendered":"<p>La actividad comenz\u00f3 a las 15:00 en el Sal\u00f3n Blanco de Casa de Gobierno y se extendi\u00f3 hasta las 19:00. El gobernador, Claudio Poggi, analiz\u00f3 la tarea que realiza cada una de las empresas y les solicit\u00f3 eficiencia en el manejo de los recursos del Estado.<\/p>\n","protected":false},"author":4,"featured_media":13728,"comment_status":"closed","ping_status":"closed","sticky":false,"template":"","format":"standard","meta":{"footnotes":""},"categories":[4],"tags":[],"class_list":["post-13727","post","type-post","status-publish","format-standard","has-post-thumbnail","hentry","category-la-provincia"],"_links":{"self":[{"href":"https:\/\/lavozpuntana.com\/index.php?rest_route=\/wp\/v2\/posts\/13727","targetHints":{"allow":["GET"]}}],"collection":[{"href":"https:\/\/lavozpuntana.com\/index.php?rest_route=\/wp\/v2\/posts"}],"about":[{"href":"https:\/\/lavozpuntana.com\/index.php?rest_route=\/wp\/v2\/types\/post"}],"author":[{"embeddable":true,"href":"https:\/\/lavozpuntana.com\/index.php?rest_route=\/wp\/v2\/users\/4"}],"replies":[{"embeddable":true,"href":"https:\/\/lavozpuntana.com\/index.php?rest_route=%2Fwp%2Fv2%2Fcomments&post=13727"}],"version-history":[{"count":1,"href":"https:\/\/lavozpuntana.com\/index.php?rest_route=\/wp\/v2\/posts\/13727\/revisions"}],"predecessor-version":[{"id":13729,"href":"https:\/\/lavozpuntana.com\/index.php?rest_route=\/wp\/v2\/posts\/13727\/revisions\/13729"}],"wp:featuredmedia":[{"embeddable":true,"href":"https:\/\/lavozpuntana.com\/index.php?rest_route=\/wp\/v2\/media\/13728"}],"wp:attachment":[{"href":"https:\/\/lavozpuntana.com\/index.php?rest_route=%2Fwp%2Fv2%2Fmedia&parent=13727"}],"wp:term":[{"taxonomy":"category","embeddable":true,"href":"https:\/\/lavozpuntana.com\/index.php?rest_route=%2Fwp%2Fv2%2Fcategories&post=13727"},{"taxonomy":"post_tag","embeddable":true,"href":"https:\/\/lavozpuntana.com\/index.php?rest_route=%2Fwp%2Fv2%2Ftags&post=13727"}],"curies":[{"name":"wp","href":"https:\/\/api.w.org\/{rel}","templated":true}]}}