{"id":13961,"date":"2024-07-19T14:00:02","date_gmt":"2024-07-19T17:00:02","guid":{"rendered":"https:\/\/lavozpuntana.com\/?p=13961"},"modified":"2024-07-19T14:00:02","modified_gmt":"2024-07-19T17:00:02","slug":"caputo-la-gente-tendra-que-vender-dolares-para-pagar-impuestos","status":"publish","type":"post","link":"https:\/\/lavozpuntana.com\/?p=13961","title":{"rendered":"CAPUTO: \u201cLA GENTE TENDR\u00c1 QUE VENDER D\u00d3LARES PARA PAGAR IMPUESTOS\u201d"},"content":{"rendered":"\n<figure class=\"wp-block-image size-full\"><img loading=\"lazy\" decoding=\"async\" width=\"987\" height=\"555\" src=\"https:\/\/lavozpuntana.com\/wp-content\/uploads\/2024\/07\/luis-caputo-1837444.jpg\" alt=\"\" class=\"wp-image-13962\" srcset=\"https:\/\/lavozpuntana.com\/wp-content\/uploads\/2024\/07\/luis-caputo-1837444.jpg 987w, https:\/\/lavozpuntana.com\/wp-content\/uploads\/2024\/07\/luis-caputo-1837444-300x169.jpg 300w, https:\/\/lavozpuntana.com\/wp-content\/uploads\/2024\/07\/luis-caputo-1837444-768x432.jpg 768w, https:\/\/lavozpuntana.com\/wp-content\/uploads\/2024\/07\/luis-caputo-1837444-800x450.jpg 800w\" sizes=\"auto, (max-width: 987px) 100vw, 987px\" \/><\/figure>\n\n\n\n<p><\/p>\n\n\n\n<p><strong>El ministro tambi\u00e9n confirm\u00f3 la baja del impuesto Pa\u00eds. Adem\u00e1s, le adelant\u00f3 al campo que no espere una baja de retenciones durante la apertura de La Rural.<\/strong><\/p>\n\n\n\n<p>El ministro de Econom\u00eda, Luis Caputo, afirm\u00f3 que \u201cen breve la gente va a tener que vender d\u00f3lares para pagar impuestos\u201d y \u201cel peso ser\u00e1 una moneda fuerte\u00bb.<\/p>\n\n\n\n<p>Por otra parte, reiter\u00f3 que en septiembre reducir\u00e1 el impuesto Pa\u00eds y en diciembre quedar\u00e1 eliminado, lo cual espera que ayude a profundizar el proceso de desinflaci\u00f3n.<\/p>\n\n\n\n<p>Adem\u00e1s, le adelant\u00f3 al campo que no espere un anuncio de baja de retenciones durante la pr\u00f3xima inauguraci\u00f3n de la Exposici\u00f3n Rural, aunque anticip\u00f3 que se est\u00e1n estudiando algunas medidas.<\/p>\n\n\n\n<p>Asimismo, confirm\u00f3 que las reservas de oro fueron sacadas del pa\u00eds en invertido en otras plazas con el objetivo de obtener un rendimiento adicional.<\/p>\n\n\n\n<p>En otro orden, destac\u00f3 el rebote de la actividad econ\u00f3mica que inform\u00f3 el INDEC y que la inflaci\u00f3n sigue bajando.<\/p>\n\n\n\n<p>Caputo formul\u00f3 declaraciones esta ma\u00f1ana durante una entrevista con un canal de noticias.<\/p>\n\n\n\n<p>Previamente en la red social \u201cX\u201d al contestar un posteo hab\u00eda afirmado: \u201cVamos a secar la plaza de pesos. Algunos no se convence. La realidad probar\u00e1 que en breve la gente tendr\u00e1 que vender d\u00f3lares para pagar impuestos\u201d.<\/p>\n\n\n\n<p>Durante la entrevista el ministro insisti\u00f3 en que reducir\u00e1 el impuesto Pa\u00eds en septiembre y lo eliminar\u00e1 en diciembre: \u201cVamos a cumplir lo que dijimos\u201d, subray\u00f3.<\/p>\n\n\n\n<p>\u201cCuando bajemos el impuesto pa\u00eds va a bajar m\u00e1s la inflaci\u00f3n porque esa rebaja va directo a precios\u201d, reiter\u00f3.<\/p>\n\n\n\n<p>En consecuencia, insisti\u00f3 que el recorte de impuestos ser\u00e1 la forma en recuperar competitividad con lo cual otra vez rechaz\u00f3 la posibilidad de una devaluaci\u00f3n.<\/p>\n\n\n\n<p>Consultado sobre la actividad econ\u00f3mica, el ministro remarc\u00f3 que \u201cya hemos pegado la vuelta. Los n\u00fameros de EMAE de mayo confirmaron la recuperaci\u00f3n y que marzo hab\u00eda sido el piso\u201d,&nbsp; aunque admiti\u00f3 que \u201ces despareja\u201d.<\/p>\n\n\n\n<p>Caputo subray\u00f3 que \u201cla gente no lo va a sentir en 6 meses, pero es una recuperaci\u00f3n fenomenal\u201d.<\/p>\n\n\n\n<p>El jefe del Palacio de Hacienda indic\u00f3 que \u201cla velocidad depender\u00e1 de cuan convincentes seamos nosotros de que es una oportunidad \u00fanica para invertir\u201d.<\/p>\n\n\n\n<p>Sobre la suba del d\u00f3lar manifest\u00f3: \u201cMe preocupa y me ocupa much\u00edsimo menos de lo que se dice. Lo m\u00e1s importante para bajar la brecha es bajar la inflaci\u00f3n. La obsesi\u00f3n nuestra es bajar la inflaci\u00f3n y vamos a tener una salida del cepo m\u00e1s ordenada\u201d.<\/p>\n\n\n\n<p>\u201cEsa impaciencia para salir del cepo nos puede llevar a un error. Del cepo no se sale r\u00e1pido, se sale bien. Estamos mucho m\u00e1s cerca, pero no es el momento ideal, ni puedo poner una fecha\u201d, insisti\u00f3 Caputo.<\/p>\n\n\n\n<p>Acerca de la salida de oro del Banco Central explic\u00f3 que: \u201cEs una movida muy positiva, porque hoy tenes oro en el BCRA que es como si tuvieras un inmueble adentro que no se puede usar para nada, Si lo ten\u00e9s afuera podes obtener retornos.<\/p>\n","protected":false},"excerpt":{"rendered":"<p>El ministro tambi\u00e9n confirm\u00f3 la baja del impuesto Pa\u00eds. Adem\u00e1s, le adelant\u00f3 al campo que<\/p>\n","protected":false},"author":4,"featured_media":13962,"comment_status":"closed","ping_status":"closed","sticky":false,"template":"","format":"standard","meta":{"footnotes":""},"categories":[5],"tags":[],"class_list":["post-13961","post","type-post","status-publish","format-standard","has-post-thumbnail","hentry","category-el-pais"],"_links":{"self":[{"href":"https:\/\/lavozpuntana.com\/index.php?rest_route=\/wp\/v2\/posts\/13961","targetHints":{"allow":["GET"]}}],"collection":[{"href":"https:\/\/lavozpuntana.com\/index.php?rest_route=\/wp\/v2\/posts"}],"about":[{"href":"https:\/\/lavozpuntana.com\/index.php?rest_route=\/wp\/v2\/types\/post"}],"author":[{"embeddable":true,"href":"https:\/\/lavozpuntana.com\/index.php?rest_route=\/wp\/v2\/users\/4"}],"replies":[{"embeddable":true,"href":"https:\/\/lavozpuntana.com\/index.php?rest_route=%2Fwp%2Fv2%2Fcomments&post=13961"}],"version-history":[{"count":1,"href":"https:\/\/lavozpuntana.com\/index.php?rest_route=\/wp\/v2\/posts\/13961\/revisions"}],"predecessor-version":[{"id":13963,"href":"https:\/\/lavozpuntana.com\/index.php?rest_route=\/wp\/v2\/posts\/13961\/revisions\/13963"}],"wp:featuredmedia":[{"embeddable":true,"href":"https:\/\/lavozpuntana.com\/index.php?rest_route=\/wp\/v2\/media\/13962"}],"wp:attachment":[{"href":"https:\/\/lavozpuntana.com\/index.php?rest_route=%2Fwp%2Fv2%2Fmedia&parent=13961"}],"wp:term":[{"taxonomy":"category","embeddable":true,"href":"https:\/\/lavozpuntana.com\/index.php?rest_route=%2Fwp%2Fv2%2Fcategories&post=13961"},{"taxonomy":"post_tag","embeddable":true,"href":"https:\/\/lavozpuntana.com\/index.php?rest_route=%2Fwp%2Fv2%2Ftags&post=13961"}],"curies":[{"name":"wp","href":"https:\/\/api.w.org\/{rel}","templated":true}]}}