{"id":14149,"date":"2024-08-01T13:32:36","date_gmt":"2024-08-01T16:32:36","guid":{"rendered":"https:\/\/lavozpuntana.com\/?p=14149"},"modified":"2024-08-01T13:32:37","modified_gmt":"2024-08-01T16:32:37","slug":"el-hospital-del-norte-sumara-170-metros-cuadrados-para-ampliar-sus-servicios","status":"publish","type":"post","link":"https:\/\/lavozpuntana.com\/?p=14149","title":{"rendered":"EL HOSPITAL DEL NORTE SUMAR\u00c1 170 METROS CUADRADOS PARA AMPLIAR SUS SERVICIOS"},"content":{"rendered":"\n<figure class=\"wp-block-image size-full\"><img loading=\"lazy\" decoding=\"async\" width=\"898\" height=\"599\" src=\"https:\/\/lavozpuntana.com\/wp-content\/uploads\/2024\/08\/SUM-2.jpeg\" alt=\"\" class=\"wp-image-14150\" srcset=\"https:\/\/lavozpuntana.com\/wp-content\/uploads\/2024\/08\/SUM-2.jpeg 898w, https:\/\/lavozpuntana.com\/wp-content\/uploads\/2024\/08\/SUM-2-300x200.jpeg 300w, https:\/\/lavozpuntana.com\/wp-content\/uploads\/2024\/08\/SUM-2-768x512.jpeg 768w\" sizes=\"auto, (max-width: 898px) 100vw, 898px\" \/><\/figure>\n\n\n\n<p><strong>El establecimiento contar\u00e1 con un nuevo sal\u00f3n de usos m\u00faltiples y sumar\u00e1 n\u00facleos sanitarios con espacios espec\u00edficos para personas con movilidad reducida.<\/strong><\/p>\n\n\n\n<p>El gobernador Claudio Poggi firm\u00f3 este mi\u00e9rcoles el decreto para ampliar el Hospital del Norte, una obra que comenzar\u00e1 a mediados de este mes y que implica una inversi\u00f3n de $122.123.402. Con la intervenci\u00f3n el centro m\u00e9dico sumar\u00e1 170 metros cuadrados a su superficie con un plazo de ejecuci\u00f3n de 120 d\u00edas.<\/p>\n\n\n\n<p>La direcci\u00f3n de Obras de Arquitectura y Viviendas inform\u00f3 que se construir\u00e1 un sal\u00f3n de usos m\u00faltiples porque la estructura que ten\u00eda el establecimiento fue asignada a la ampliaci\u00f3n de la guardia. El espacio tendr\u00e1 50 metros cuadrados, donde se prev\u00e9 llevar adelante talleres de preparto, gimnasia, actividades f\u00edsicas para rehabilitaci\u00f3n y otros servicios.<\/p>\n\n\n\n<p>La Direcci\u00f3n precis\u00f3 tambi\u00e9n que el proyecto se ubicar\u00e1 como remate del ala oeste y tendr\u00e1 conexi\u00f3n con el edificio principal por medio de la circulaci\u00f3n general del hospital y desde el exterior, adem\u00e1s de una nueva sala de espera.<\/p>\n\n\n\n<p>Se a\u00f1adir\u00e1n tambi\u00e9n n\u00facleos sanitarios con espacios espec\u00edficos para personas con movilidad reducida. Las tareas incluir\u00e1n ejecuciones para servicios de agua fr\u00eda y caliente, desag\u00fces cloacales y pluviales, electricidad, climatizaci\u00f3n, se\u00f1ales d\u00e9biles y sistema de detecci\u00f3n y extinci\u00f3n de incendios.<\/p>\n","protected":false},"excerpt":{"rendered":"<p>El establecimiento contar\u00e1 con un nuevo sal\u00f3n de usos m\u00faltiples y sumar\u00e1 n\u00facleos sanitarios con<\/p>\n","protected":false},"author":4,"featured_media":14150,"comment_status":"closed","ping_status":"closed","sticky":false,"template":"","format":"standard","meta":{"footnotes":""},"categories":[4],"tags":[],"class_list":["post-14149","post","type-post","status-publish","format-standard","has-post-thumbnail","hentry","category-la-provincia"],"_links":{"self":[{"href":"https:\/\/lavozpuntana.com\/index.php?rest_route=\/wp\/v2\/posts\/14149","targetHints":{"allow":["GET"]}}],"collection":[{"href":"https:\/\/lavozpuntana.com\/index.php?rest_route=\/wp\/v2\/posts"}],"about":[{"href":"https:\/\/lavozpuntana.com\/index.php?rest_route=\/wp\/v2\/types\/post"}],"author":[{"embeddable":true,"href":"https:\/\/lavozpuntana.com\/index.php?rest_route=\/wp\/v2\/users\/4"}],"replies":[{"embeddable":true,"href":"https:\/\/lavozpuntana.com\/index.php?rest_route=%2Fwp%2Fv2%2Fcomments&post=14149"}],"version-history":[{"count":1,"href":"https:\/\/lavozpuntana.com\/index.php?rest_route=\/wp\/v2\/posts\/14149\/revisions"}],"predecessor-version":[{"id":14151,"href":"https:\/\/lavozpuntana.com\/index.php?rest_route=\/wp\/v2\/posts\/14149\/revisions\/14151"}],"wp:featuredmedia":[{"embeddable":true,"href":"https:\/\/lavozpuntana.com\/index.php?rest_route=\/wp\/v2\/media\/14150"}],"wp:attachment":[{"href":"https:\/\/lavozpuntana.com\/index.php?rest_route=%2Fwp%2Fv2%2Fmedia&parent=14149"}],"wp:term":[{"taxonomy":"category","embeddable":true,"href":"https:\/\/lavozpuntana.com\/index.php?rest_route=%2Fwp%2Fv2%2Fcategories&post=14149"},{"taxonomy":"post_tag","embeddable":true,"href":"https:\/\/lavozpuntana.com\/index.php?rest_route=%2Fwp%2Fv2%2Ftags&post=14149"}],"curies":[{"name":"wp","href":"https:\/\/api.w.org\/{rel}","templated":true}]}}