{"id":14404,"date":"2024-08-20T01:38:48","date_gmt":"2024-08-20T04:38:48","guid":{"rendered":"https:\/\/lavozpuntana.com\/?p=14404"},"modified":"2024-08-20T01:38:48","modified_gmt":"2024-08-20T04:38:48","slug":"la-policia-demoro-a-un-hombre-que-sustrajo-elementos-de-una-vivienda","status":"publish","type":"post","link":"https:\/\/lavozpuntana.com\/?p=14404","title":{"rendered":"LA POLIC\u00cdA DEMOR\u00d3 A UN HOMBRE QUE SUSTRAJO ELEMENTOS DE UNA VIVIENDA"},"content":{"rendered":"\n<figure class=\"wp-block-image size-full\"><img loading=\"lazy\" decoding=\"async\" width=\"733\" height=\"543\" src=\"https:\/\/lavozpuntana.com\/wp-content\/uploads\/2024\/08\/WhatsApp-Image-2024-08-19-at-22.05.03.jpeg\" alt=\"\" class=\"wp-image-14405\" srcset=\"https:\/\/lavozpuntana.com\/wp-content\/uploads\/2024\/08\/WhatsApp-Image-2024-08-19-at-22.05.03.jpeg 733w, https:\/\/lavozpuntana.com\/wp-content\/uploads\/2024\/08\/WhatsApp-Image-2024-08-19-at-22.05.03-300x222.jpeg 300w\" sizes=\"auto, (max-width: 733px) 100vw, 733px\" \/><\/figure>\n\n\n\n<p><strong>Efectivos del Comando Radioel\u00e9ctrico demoraron este lunes a un hombre de 26 a\u00f1os en la ciudad de San Luis.<\/strong><\/p>\n\n\n\n<p>El sujeto hab\u00eda sustra\u00eddo varios elementos del interior de una vivienda, ubicada en el pasaje V\u00e1squez al 1500, y fue interceptado por los uniformados en el pasaje Rep\u00fablica de la India al 1600.<\/p>\n\n\n\n<p>En la requisa se le secuestr\u00f3: una campera, varias alhajas, un reloj y dos bolsos con pertenencias. El damnificado, un hombre de 41 a\u00f1os, reconoci\u00f3 los elementos.<\/p>\n\n\n\n<p>El demorado fue trasladado a la Comisar\u00eda Seccional 2\u00b0, donde se labran las actuaciones correspondientes.<\/p>\n","protected":false},"excerpt":{"rendered":"<p>Efectivos del Comando Radioel\u00e9ctrico demoraron este lunes a un hombre de 26 a\u00f1os en la<\/p>\n","protected":false},"author":4,"featured_media":14405,"comment_status":"closed","ping_status":"closed","sticky":false,"template":"","format":"standard","meta":{"footnotes":""},"categories":[4],"tags":[],"class_list":["post-14404","post","type-post","status-publish","format-standard","has-post-thumbnail","hentry","category-la-provincia"],"_links":{"self":[{"href":"https:\/\/lavozpuntana.com\/index.php?rest_route=\/wp\/v2\/posts\/14404","targetHints":{"allow":["GET"]}}],"collection":[{"href":"https:\/\/lavozpuntana.com\/index.php?rest_route=\/wp\/v2\/posts"}],"about":[{"href":"https:\/\/lavozpuntana.com\/index.php?rest_route=\/wp\/v2\/types\/post"}],"author":[{"embeddable":true,"href":"https:\/\/lavozpuntana.com\/index.php?rest_route=\/wp\/v2\/users\/4"}],"replies":[{"embeddable":true,"href":"https:\/\/lavozpuntana.com\/index.php?rest_route=%2Fwp%2Fv2%2Fcomments&post=14404"}],"version-history":[{"count":1,"href":"https:\/\/lavozpuntana.com\/index.php?rest_route=\/wp\/v2\/posts\/14404\/revisions"}],"predecessor-version":[{"id":14406,"href":"https:\/\/lavozpuntana.com\/index.php?rest_route=\/wp\/v2\/posts\/14404\/revisions\/14406"}],"wp:featuredmedia":[{"embeddable":true,"href":"https:\/\/lavozpuntana.com\/index.php?rest_route=\/wp\/v2\/media\/14405"}],"wp:attachment":[{"href":"https:\/\/lavozpuntana.com\/index.php?rest_route=%2Fwp%2Fv2%2Fmedia&parent=14404"}],"wp:term":[{"taxonomy":"category","embeddable":true,"href":"https:\/\/lavozpuntana.com\/index.php?rest_route=%2Fwp%2Fv2%2Fcategories&post=14404"},{"taxonomy":"post_tag","embeddable":true,"href":"https:\/\/lavozpuntana.com\/index.php?rest_route=%2Fwp%2Fv2%2Ftags&post=14404"}],"curies":[{"name":"wp","href":"https:\/\/api.w.org\/{rel}","templated":true}]}}