{"id":14817,"date":"2024-09-25T14:24:36","date_gmt":"2024-09-25T17:24:36","guid":{"rendered":"https:\/\/lavozpuntana.com\/?p=14817"},"modified":"2024-09-25T14:24:37","modified_gmt":"2024-09-25T17:24:37","slug":"mas-del-60-del-departamento-san-martin-ya-recibio-asistencia-tras-los-incendios","status":"publish","type":"post","link":"https:\/\/lavozpuntana.com\/?p=14817","title":{"rendered":"M\u00c1S DEL 60% DEL DEPARTAMENTO SAN MART\u00cdN YA RECIBI\u00d3 ASISTENCIA TRAS LOS INCENDIOS"},"content":{"rendered":"\n<figure class=\"wp-block-image size-large\"><img loading=\"lazy\" decoding=\"async\" width=\"1024\" height=\"768\" src=\"https:\/\/lavozpuntana.com\/wp-content\/uploads\/2024\/09\/WhatsApp-Image-2024-09-24-at-18.00.13-1024x768.jpeg\" alt=\"\" class=\"wp-image-14818\" srcset=\"https:\/\/lavozpuntana.com\/wp-content\/uploads\/2024\/09\/WhatsApp-Image-2024-09-24-at-18.00.13-1024x768.jpeg 1024w, https:\/\/lavozpuntana.com\/wp-content\/uploads\/2024\/09\/WhatsApp-Image-2024-09-24-at-18.00.13-300x225.jpeg 300w, https:\/\/lavozpuntana.com\/wp-content\/uploads\/2024\/09\/WhatsApp-Image-2024-09-24-at-18.00.13-768x576.jpeg 768w, https:\/\/lavozpuntana.com\/wp-content\/uploads\/2024\/09\/WhatsApp-Image-2024-09-24-at-18.00.13-720x540.jpeg 720w, https:\/\/lavozpuntana.com\/wp-content\/uploads\/2024\/09\/WhatsApp-Image-2024-09-24-at-18.00.13.jpeg 1280w\" sizes=\"auto, (max-width: 1024px) 100vw, 1024px\" \/><\/figure>\n\n\n\n<p><strong>Con la coordinaci\u00f3n del ministerio de Desarrollo Productivo y la colaboraci\u00f3n de diversas \u00e1reas del Gobierno, de a poco se fue restableciendo el servicio el\u00e9ctrico y de internet, mientras la ayuda lleg\u00f3 a los productores en forma de alimento y agua para los animales, adem\u00e1s de m\u00f3dulos alimentarios para los vecinos, kits de limpieza, calzado, pa\u00f1ales y mantas.<\/strong><\/p>\n\n\n\n<p>Tras otra jornada muy dif\u00edcil, finalmente los bomberos, las brigadas y en general todas las fuerzas vivas que comprometi\u00f3 el Gobierno de San Luis en la lucha contra el fuego lograron controlar los incendios forestales en el departamento San Mart\u00edn. La \u00faltima localidad a la que lleg\u00f3 el alivio fue La Vertiente.<\/p>\n\n\n\n<p>\u201cSi Dios quiere y podemos cumplir con el plan que tenemos, ma\u00f1ana (mi\u00e9rcoles) se terminar\u00e1 de normalizar todo y podamos terminar visitando el 100% de los productores afectados\u201d, se\u00f1al\u00f3 el ministro de Producci\u00f3n, Federico Trombotto.<\/p>\n\n\n\n<p>El balance del d\u00eda arroj\u00f3 que m\u00e1s del 60% del departamento ya fue asistido al terminar el martes. Todas las ciudades y pueblos que fueron afectados por el fuego ya tienen suministro el\u00e9ctrico y a la madrugada lo iban a recuperar los parajes que faltaban. En datos: la conectividad alcanza el 85%, la luz es normal en todo el departamento San Mart\u00edn y se atendieron al 75% de los productores, por lo que estima finaliza con el resto el mi\u00e9rcoles.<\/p>\n\n\n\n<p>De las siete localidades que sufrieron los embates del siniestro, hay cuatro que ya cuentan con conectividad a internet: Las Chacras, Paso Grande, San Mart\u00edn y Villa de Praga. En el resto est\u00e1n trabajando las cuadrillas de la Autopista de la Informaci\u00f3n para que tambi\u00e9n puedan disponer del servicio.<\/p>\n\n\n\n<p>El ministerio de Desarrollo Productivo, que estableci\u00f3 su base en Potrerillo para comandar las acciones, distribuy\u00f3 alimentos para los animales y agua. Veh\u00edculos de la direcci\u00f3n de Vialidad Provincial, en tanto, trasladaron los elementos a todas las \u00e1reas afectadas, en un trabajo coordinado con el ministerio que conduce Federico Trombotto y otras carteras gubernamentales. Adem\u00e1s, el organismo que cuida los caminos de San Luis proporcion\u00f3 un grupo electr\u00f3geno para los requerimientos que hicieran falta, mientras se restablec\u00eda el servicio el\u00e9ctrico.<\/p>\n\n\n\n<p>El ministerio de Desarrollo Humano tambi\u00e9n hizo su parte, recorriendo campo por campo y entregando insumos b\u00e1sicos. En dos d\u00edas ya entreg\u00f3 150 m\u00f3dulos alimentarios, 100 kits de limpieza, agua, calzado, pa\u00f1ales y mantas.<\/p>\n\n\n\n<p>Salud, finalmente, ya relev\u00f3 todo el territorio y no quedan urgencias por atender, m\u00e1s all\u00e1 de las consultas diarias.<\/p>\n","protected":false},"excerpt":{"rendered":"<p>Con la coordinaci\u00f3n del ministerio de Desarrollo Productivo y la colaboraci\u00f3n de diversas \u00e1reas del<\/p>\n","protected":false},"author":4,"featured_media":14818,"comment_status":"closed","ping_status":"closed","sticky":false,"template":"","format":"standard","meta":{"footnotes":""},"categories":[4],"tags":[],"class_list":["post-14817","post","type-post","status-publish","format-standard","has-post-thumbnail","hentry","category-la-provincia"],"_links":{"self":[{"href":"https:\/\/lavozpuntana.com\/index.php?rest_route=\/wp\/v2\/posts\/14817","targetHints":{"allow":["GET"]}}],"collection":[{"href":"https:\/\/lavozpuntana.com\/index.php?rest_route=\/wp\/v2\/posts"}],"about":[{"href":"https:\/\/lavozpuntana.com\/index.php?rest_route=\/wp\/v2\/types\/post"}],"author":[{"embeddable":true,"href":"https:\/\/lavozpuntana.com\/index.php?rest_route=\/wp\/v2\/users\/4"}],"replies":[{"embeddable":true,"href":"https:\/\/lavozpuntana.com\/index.php?rest_route=%2Fwp%2Fv2%2Fcomments&post=14817"}],"version-history":[{"count":1,"href":"https:\/\/lavozpuntana.com\/index.php?rest_route=\/wp\/v2\/posts\/14817\/revisions"}],"predecessor-version":[{"id":14819,"href":"https:\/\/lavozpuntana.com\/index.php?rest_route=\/wp\/v2\/posts\/14817\/revisions\/14819"}],"wp:featuredmedia":[{"embeddable":true,"href":"https:\/\/lavozpuntana.com\/index.php?rest_route=\/wp\/v2\/media\/14818"}],"wp:attachment":[{"href":"https:\/\/lavozpuntana.com\/index.php?rest_route=%2Fwp%2Fv2%2Fmedia&parent=14817"}],"wp:term":[{"taxonomy":"category","embeddable":true,"href":"https:\/\/lavozpuntana.com\/index.php?rest_route=%2Fwp%2Fv2%2Fcategories&post=14817"},{"taxonomy":"post_tag","embeddable":true,"href":"https:\/\/lavozpuntana.com\/index.php?rest_route=%2Fwp%2Fv2%2Ftags&post=14817"}],"curies":[{"name":"wp","href":"https:\/\/api.w.org\/{rel}","templated":true}]}}