{"id":15193,"date":"2024-10-31T14:34:33","date_gmt":"2024-10-31T17:34:33","guid":{"rendered":"https:\/\/lavozpuntana.com\/?p=15193"},"modified":"2024-10-31T14:34:33","modified_gmt":"2024-10-31T17:34:33","slug":"inauguraron-la-nueva-base-operativa-de-la-policia-caminera-en-el-parque-industrial-sur","status":"publish","type":"post","link":"https:\/\/lavozpuntana.com\/?p=15193","title":{"rendered":"INAUGURARON LA NUEVA BASE OPERATIVA DE LA POLIC\u00cdA CAMINERA EN EL PARQUE INDUSTRIAL SUR"},"content":{"rendered":"\n<figure class=\"wp-block-image size-large\"><img loading=\"lazy\" decoding=\"async\" width=\"1024\" height=\"682\" src=\"https:\/\/lavozpuntana.com\/wp-content\/uploads\/2024\/10\/WhatsApp-Image-2024-10-30-at-20.53.08-1024x682.jpeg\" alt=\"\" class=\"wp-image-15194\" srcset=\"https:\/\/lavozpuntana.com\/wp-content\/uploads\/2024\/10\/WhatsApp-Image-2024-10-30-at-20.53.08-1024x682.jpeg 1024w, https:\/\/lavozpuntana.com\/wp-content\/uploads\/2024\/10\/WhatsApp-Image-2024-10-30-at-20.53.08-300x200.jpeg 300w, https:\/\/lavozpuntana.com\/wp-content\/uploads\/2024\/10\/WhatsApp-Image-2024-10-30-at-20.53.08-768x512.jpeg 768w, https:\/\/lavozpuntana.com\/wp-content\/uploads\/2024\/10\/WhatsApp-Image-2024-10-30-at-20.53.08.jpeg 1280w\" sizes=\"auto, (max-width: 1024px) 100vw, 1024px\" \/><\/figure>\n\n\n\n<p><strong>El acto estuvo encabezado por el gobernador Claudio Poggi, quien remarc\u00f3 la importancia de la instalaci\u00f3n del Cuerpo de Seguridad Vial N\u00b01 en la zona fabril desde dos ejes: la jerarquizaci\u00f3n de las fuerzas de seguridad y un respaldo al sector industrial que hab\u00eda sido dejado de lado por la gesti\u00f3n anterior.<\/strong><\/p>\n\n\n\n<p>En agosto del corriente a\u00f1o, el gobernador Claudio Poggi hab\u00eda acompa\u00f1ado a la ministra de Seguridad, Nancy Sosa, al anuncio del inicio de obras para instalar una base operativa de la Polic\u00eda en el Parque Industrial Sur, pensado para consolidar los sistemas de prevenci\u00f3n y acci\u00f3n ante el delito en el pulm\u00f3n productivo de San Luis, lo cual guarda estrecha relaci\u00f3n con incentivar la inversi\u00f3n en la provincia.<\/p>\n\n\n\n<p>Este mi\u00e9rcoles, a dos meses de aquel anuncio, Poggi y Sosa regresaron e inauguraron el nuevo espacio, que consta de una nave con cuatro oficinas, una sala de reuniones, una cocina comedor, sanitarios, guardias masculinas y femeninas y una sala de armas. A eso hay que sumarle un patio de 370 metros cuadrados cubiertos que ser\u00e1 utilizado para guardar veh\u00edculos.<\/p>\n\n\n\n<p>El Gobernador destac\u00f3 que la nueva sede permite dar respuesta a dos necesidades prioritarias que encontr\u00f3 al asumir el Ejecutivo. \u201cPor un lado, la jerarquizaci\u00f3n de las fuerzas de seguridad, para dotarla de herramientas, tecnolog\u00eda, capacitaci\u00f3n y los instrumentos necesarios para la lucha contra la inseguridad. Por otro, la demanda que nos planteaba la industria de San Luis. Un sector totalmente olvidado, no exist\u00eda el Parque Industrial para el Gobierno anterior, no exist\u00eda\u201d, remarc\u00f3 Poggi.<\/p>\n\n\n\n<p>El Mandatario resalt\u00f3 que heredaron un Parque Industrial \u201cen el que los yuyos y la mugre no dejaban ver siquiera las plantas\u201d. A ra\u00edz de eso, implementaron un plan integral para devolverle vida al coraz\u00f3n productivo de la provincia, a partir de la incorporaci\u00f3n de luminaria, nuevos corredores de transporte, mejoras en el abastecimiento de agua y el fortalecimiento de la seguridad. \u201cEs mi visita 12 desde que soy gobernador. Queremos estar cerca porque ac\u00e1 se genera trabajo\u201d, enfatiz\u00f3.<\/p>\n\n\n\n<p>Poggi, acompa\u00f1ado por Sosa; el ministro de Desarrollo Productivo, Federico Trombotto; el director general de Polic\u00eda Caminera y Seguridad Vial, Ariel Rivero; el presidente de la C\u00e1mara de Industria, Eduardo Mirengo y el intendente, Gast\u00f3n Hissa, procedieron a realizar el simb\u00f3lico desatado de cinta y descubrimiento de placa, lo que marc\u00f3 formalmente la puesta en marcha de la nueva sede.<\/p>\n\n\n\n<p>Tras ello, Poggi recorri\u00f3 las instalaciones y se interioriz\u00f3 sobre c\u00f3mo quedar\u00e1 dispuesto el espacio una vez que est\u00e9 completamente operativo. \u201cLe encant\u00f3, qued\u00f3 muy contento. Yo le expliqu\u00e9 que cuando integras la polic\u00eda, estos espacios se convierten en tu segunda casa. Ac\u00e1 hay gente las 24 horas\u201d, manifest\u00f3 emocionado Rivero, quien remarc\u00f3 que la Polic\u00eda Caminera a\u00f1oraba hace tiempo contar con un edificio propio, c\u00f3modo y estable para trabajar.<\/p>\n\n\n\n<p>El predio donde est\u00e1 ubicada la base operativa pertenece al ministerio de Desarrollo Productivo, pero fue cedido en comodato a su par de Seguridad para dar respuesta a una necesidad latente. \u201cEsto es un aporte indispensable al fortalecimiento institucional de la Polic\u00eda, en este caso la Caminera\u201d, indic\u00f3 Sosa. \u201cEra fundamental tener un espacio propio para que el personal pueda desarrollar sus tareas de prevenci\u00f3n, ayudar a mantener controlada la zona. El Gobierno alienta a la posibilidad de tomar decisiones y de generar acci\u00f3n. Hay un compromiso con generar las condiciones para ser eficientes en la tarea policial\u201d, subray\u00f3.<\/p>\n\n\n\n<p>El edificio centrar\u00e1 la totalidad de la Polic\u00eda Caminera provincial, con alrededor de 90 agentes distribuidos entre las divisiones de Tr\u00e1nsito, Motorizado, Administraci\u00f3n y Ciudad. \u201cFundamentalmente hacemos tareas de control en las rutas provinciales, nacionales y puestos lim\u00edtrofes. Algo novedoso que nos pidi\u00f3 el Gobernador es comenzar a trabajar mancomunadamente en operativos con provincias vecinas, ya llevamos m\u00e1s de 48 con C\u00f3rdoba, Mendoza, La Rioja y San Juan. De esa manera controlamos lo que ingresa y sale de la provincia\u201d, explic\u00f3 Rivero.<\/p>\n","protected":false},"excerpt":{"rendered":"<p>El acto estuvo encabezado por el gobernador Claudio Poggi, quien remarc\u00f3 la importancia de la<\/p>\n","protected":false},"author":4,"featured_media":15194,"comment_status":"closed","ping_status":"closed","sticky":false,"template":"","format":"standard","meta":{"footnotes":""},"categories":[4],"tags":[],"class_list":["post-15193","post","type-post","status-publish","format-standard","has-post-thumbnail","hentry","category-la-provincia"],"_links":{"self":[{"href":"https:\/\/lavozpuntana.com\/index.php?rest_route=\/wp\/v2\/posts\/15193","targetHints":{"allow":["GET"]}}],"collection":[{"href":"https:\/\/lavozpuntana.com\/index.php?rest_route=\/wp\/v2\/posts"}],"about":[{"href":"https:\/\/lavozpuntana.com\/index.php?rest_route=\/wp\/v2\/types\/post"}],"author":[{"embeddable":true,"href":"https:\/\/lavozpuntana.com\/index.php?rest_route=\/wp\/v2\/users\/4"}],"replies":[{"embeddable":true,"href":"https:\/\/lavozpuntana.com\/index.php?rest_route=%2Fwp%2Fv2%2Fcomments&post=15193"}],"version-history":[{"count":1,"href":"https:\/\/lavozpuntana.com\/index.php?rest_route=\/wp\/v2\/posts\/15193\/revisions"}],"predecessor-version":[{"id":15195,"href":"https:\/\/lavozpuntana.com\/index.php?rest_route=\/wp\/v2\/posts\/15193\/revisions\/15195"}],"wp:featuredmedia":[{"embeddable":true,"href":"https:\/\/lavozpuntana.com\/index.php?rest_route=\/wp\/v2\/media\/15194"}],"wp:attachment":[{"href":"https:\/\/lavozpuntana.com\/index.php?rest_route=%2Fwp%2Fv2%2Fmedia&parent=15193"}],"wp:term":[{"taxonomy":"category","embeddable":true,"href":"https:\/\/lavozpuntana.com\/index.php?rest_route=%2Fwp%2Fv2%2Fcategories&post=15193"},{"taxonomy":"post_tag","embeddable":true,"href":"https:\/\/lavozpuntana.com\/index.php?rest_route=%2Fwp%2Fv2%2Ftags&post=15193"}],"curies":[{"name":"wp","href":"https:\/\/api.w.org\/{rel}","templated":true}]}}