{"id":1542,"date":"2021-02-26T14:57:10","date_gmt":"2021-02-26T17:57:10","guid":{"rendered":"http:\/\/lavozpuntana.com\/?p=1542"},"modified":"2021-02-26T14:57:12","modified_gmt":"2021-02-26T17:57:12","slug":"movilizacion-del-grupo-hermanadas-al-poder-judicial-de-la-ciudad-de-san-luis-por-la-liberacion-de-un-potencial-femicida","status":"publish","type":"post","link":"https:\/\/lavozpuntana.com\/?p=1542","title":{"rendered":"Movilizaci\u00f3n del grupo \u201cHermanadas\u201d al poder judicial de la ciudad de San Luis por la liberaci\u00f3n de un potencial femicida"},"content":{"rendered":"\n<h4 class=\"wp-block-heading\">La liberaci\u00f3n de Lucas Bustos, de 38 a\u00f1os, gener\u00f3 indignaci\u00f3n y preocupaci\u00f3n por las reiteradas amenazas a su ex pareja, a qui\u00e9n temen pueda asesinar<\/h4>\n\n\n\n<figure class=\"wp-block-image size-large\"><img decoding=\"async\" src=\"https:\/\/lavozpuntana.com\/wp-content\/uploads\/2021\/02\/fem-1-1024x768.jpeg\" alt=\"\" class=\"wp-image-1544\"\/><\/figure>\n\n\n\n<p>Hay veces que no alcanza con informar solamente, y <strong>hay que estar en la calle al lado de los reclamos, sobre todo, cuando lo que est\u00e1 en juego es la vida de las personas<\/strong>. Por eso nos hicimos presentes en la sede de tribunales para acompa\u00f1ar el reclamo por la liberaci\u00f3n de Lucas Bustos, un agresor y potencial femicida, y recoger los puntos m\u00e1s salientes de la movilizaci\u00f3n desde la voz de sus protagonistas.<\/p>\n\n\n\n<p>Nuestro periodista, Gabriel Fonta\u00f1ez realiz\u00f3 una entrevista a Florencia, una de las asistentes a la movilizaci\u00f3n, qui\u00e9n nos cont\u00f3 que se movilizaron porque soltaron a Lucas Bustos qui\u00e9n agredi\u00f3 a su ex pareja Denisse, y es liberado a pesar de tener una causa de tentativa de homicidio: <strong>\u00abel juez Chada quien hoy libera a este potencial femicida, violento y agresor, teniendo una causa de tentativa de homicidio y cuenta con veinte denuncias y tres ordenes de restricci\u00f3n\u00bb<\/strong>.<\/p>\n\n\n\n<p><strong>Lucas Bustos habr\u00eda amenazado y violentado tanto a Denisse, su expareja como a sus nueve hijos, por lo que le habr\u00edan iniciado una causa por tentativa de homicidio<\/strong>, y se le hab\u00eda ordenado en reiteradas ocasiones que no se acercar\u00e1 a la victima a partir de las medidas de restricci\u00f3n, pero nada alcanz\u00f3, y hoy, sale en libertad en menos de seis meses, por lo que<strong> las militantes de \u00abhermanadas\u00bb temen que la vida de Denisse est\u00e9 en peligro<\/strong>.<\/p>\n\n\n\n<figure class=\"wp-block-image size-large\"><img decoding=\"async\" src=\"https:\/\/lavozpuntana.com\/wp-content\/uploads\/2021\/02\/fem-2-1-1024x768.jpeg\" alt=\"\" class=\"wp-image-1546\"\/><\/figure>\n\n\n\n<p><strong>Cabe destacar que Lucas tuvo dos detenciones, una de dos meses y otra de cuatro, y en la primera salida fue directamente al domicilio de Denisse para agredirla<\/strong>, y s\u00f3lo la presencia del grupo evit\u00f3 que all\u00ed sucediera algo peor. Por eso sorprende que ahora, despu\u00e9s de cuatro meses de ese hecho se lo vuelva a liberar. Saben que si sale, es probable que intente asesinarla, ya que es lo que viene prometiendo, por eso piden que no lo liberen, sino que siga el juicio.<\/p>\n\n\n\n<p>Una cuesti\u00f3n no menor, es que este beneficio, seg\u00fan las entrevistadas, le fue otorgado porque es primo del fiscal,<strong> por eso piden que intervengan otros actores del estado y as\u00ed evitar que Denisse se convierta en una estad\u00edstica m\u00e1s de femicidio por acci\u00f3n u omisi\u00f3n del propio estado<\/strong>.<\/p>\n\n\n\n<p><strong><em>A continuaci\u00f3n el audio completo de la entrevista<\/em><\/strong><\/p>\n\n\n\n<figure class=\"wp-block-audio\"><audio controls src=\"https:\/\/lavozpuntana.com\/wp-content\/uploads\/2021\/02\/WhatsApp-Audio-2021-02-26-at-11.30.31.ogg\"><\/audio><\/figure>\n\n\n\n<figure class=\"wp-block-image size-large\"><img decoding=\"async\" src=\"https:\/\/lavozpuntana.com\/wp-content\/uploads\/2021\/02\/fem-3-768x1024.jpeg\" alt=\"\" class=\"wp-image-1547\"\/><\/figure>\n\n\n\n<figure class=\"wp-block-image size-large\"><img decoding=\"async\" src=\"https:\/\/lavozpuntana.com\/wp-content\/uploads\/2021\/02\/fem-4-768x1024.jpeg\" alt=\"\" class=\"wp-image-1548\"\/><\/figure>\n","protected":false},"excerpt":{"rendered":"<p>La liberaci\u00f3n de Lucas Bustos, de 38 a\u00f1os, gener\u00f3 indignaci\u00f3n y preocupaci\u00f3n por las reiteradas<\/p>\n","protected":false},"author":4,"featured_media":0,"comment_status":"closed","ping_status":"closed","sticky":false,"template":"","format":"standard","meta":{"footnotes":""},"categories":[4],"tags":[464,324,660,468],"class_list":["post-1542","post","type-post","status-publish","format-standard","hentry","category-la-provincia","tag-femicidios","tag-genero","tag-hermanadas","tag-violenciadegenero"],"_links":{"self":[{"href":"https:\/\/lavozpuntana.com\/index.php?rest_route=\/wp\/v2\/posts\/1542","targetHints":{"allow":["GET"]}}],"collection":[{"href":"https:\/\/lavozpuntana.com\/index.php?rest_route=\/wp\/v2\/posts"}],"about":[{"href":"https:\/\/lavozpuntana.com\/index.php?rest_route=\/wp\/v2\/types\/post"}],"author":[{"embeddable":true,"href":"https:\/\/lavozpuntana.com\/index.php?rest_route=\/wp\/v2\/users\/4"}],"replies":[{"embeddable":true,"href":"https:\/\/lavozpuntana.com\/index.php?rest_route=%2Fwp%2Fv2%2Fcomments&post=1542"}],"version-history":[{"count":1,"href":"https:\/\/lavozpuntana.com\/index.php?rest_route=\/wp\/v2\/posts\/1542\/revisions"}],"predecessor-version":[{"id":1549,"href":"https:\/\/lavozpuntana.com\/index.php?rest_route=\/wp\/v2\/posts\/1542\/revisions\/1549"}],"wp:attachment":[{"href":"https:\/\/lavozpuntana.com\/index.php?rest_route=%2Fwp%2Fv2%2Fmedia&parent=1542"}],"wp:term":[{"taxonomy":"category","embeddable":true,"href":"https:\/\/lavozpuntana.com\/index.php?rest_route=%2Fwp%2Fv2%2Fcategories&post=1542"},{"taxonomy":"post_tag","embeddable":true,"href":"https:\/\/lavozpuntana.com\/index.php?rest_route=%2Fwp%2Fv2%2Ftags&post=1542"}],"curies":[{"name":"wp","href":"https:\/\/api.w.org\/{rel}","templated":true}]}}