{"id":15631,"date":"2024-12-06T13:48:18","date_gmt":"2024-12-06T16:48:18","guid":{"rendered":"https:\/\/lavozpuntana.com\/?p=15631"},"modified":"2024-12-06T13:48:19","modified_gmt":"2024-12-06T16:48:19","slug":"este-sabado-7-se-realiza-el-remate-de-vehiculos-del-gobierno","status":"publish","type":"post","link":"https:\/\/lavozpuntana.com\/?p=15631","title":{"rendered":"ESTE S\u00c1BADO 7 SE REALIZA EL REMATE DE VEH\u00cdCULOS DEL GOBIERNO"},"content":{"rendered":"\n<figure class=\"wp-block-image size-large\"><img loading=\"lazy\" decoding=\"async\" width=\"1024\" height=\"768\" src=\"https:\/\/lavozpuntana.com\/wp-content\/uploads\/2024\/12\/0103-1024x768.jpg\" alt=\"\" class=\"wp-image-15632\" srcset=\"https:\/\/lavozpuntana.com\/wp-content\/uploads\/2024\/12\/0103-1024x768.jpg 1024w, https:\/\/lavozpuntana.com\/wp-content\/uploads\/2024\/12\/0103-300x225.jpg 300w, https:\/\/lavozpuntana.com\/wp-content\/uploads\/2024\/12\/0103-768x576.jpg 768w, https:\/\/lavozpuntana.com\/wp-content\/uploads\/2024\/12\/0103-720x540.jpg 720w, https:\/\/lavozpuntana.com\/wp-content\/uploads\/2024\/12\/0103.jpg 1280w\" sizes=\"auto, (max-width: 1024px) 100vw, 1024px\" \/><\/figure>\n\n\n\n<p><strong>Hay una gran expectativa por la subasta que se llevar\u00e1 a cabo a las 09:00, en el sal\u00f3n Malvinas Argentinas, con una organizaci\u00f3n conjunto de la Provincia y el Colegio de Martilleros P\u00fablicos de San Luis.<\/strong><\/p>\n\n\n\n<p>A lo largo del periodo de visitas se han acercado a las instalaciones del Parque Automotor m\u00e1s de dos mil personas interesadas en los bienes que el Estado subastar\u00e1.<\/p>\n\n\n\n<p>Se han aproximado empresas y tambi\u00e9n compradores particulares a consultar y ver los veh\u00edculos, tambi\u00e9n en las redes sociales se brinda informaci\u00f3n, detalles y precios base de los lotes.<\/p>\n\n\n\n<p>Durante el transcurso del d\u00eda habr\u00e1 foodtrucks para las personas que deseen consumir algo mientras permanecen en el predio.<\/p>\n\n\n\n<p>La modalidad de la subasta es de martillo corrido, a partir de las 09:00, es decir, tiene una continuidad hasta que se vendan los 105 lotes que incluyen autos, camionetas, furgones, motos, cuatriciclos y UTV.<\/p>\n","protected":false},"excerpt":{"rendered":"<p>Hay una gran expectativa por la subasta que se llevar\u00e1 a cabo a las 09:00,<\/p>\n","protected":false},"author":4,"featured_media":15632,"comment_status":"closed","ping_status":"closed","sticky":false,"template":"","format":"standard","meta":{"footnotes":""},"categories":[4],"tags":[],"class_list":["post-15631","post","type-post","status-publish","format-standard","has-post-thumbnail","hentry","category-la-provincia"],"_links":{"self":[{"href":"https:\/\/lavozpuntana.com\/index.php?rest_route=\/wp\/v2\/posts\/15631","targetHints":{"allow":["GET"]}}],"collection":[{"href":"https:\/\/lavozpuntana.com\/index.php?rest_route=\/wp\/v2\/posts"}],"about":[{"href":"https:\/\/lavozpuntana.com\/index.php?rest_route=\/wp\/v2\/types\/post"}],"author":[{"embeddable":true,"href":"https:\/\/lavozpuntana.com\/index.php?rest_route=\/wp\/v2\/users\/4"}],"replies":[{"embeddable":true,"href":"https:\/\/lavozpuntana.com\/index.php?rest_route=%2Fwp%2Fv2%2Fcomments&post=15631"}],"version-history":[{"count":1,"href":"https:\/\/lavozpuntana.com\/index.php?rest_route=\/wp\/v2\/posts\/15631\/revisions"}],"predecessor-version":[{"id":15633,"href":"https:\/\/lavozpuntana.com\/index.php?rest_route=\/wp\/v2\/posts\/15631\/revisions\/15633"}],"wp:featuredmedia":[{"embeddable":true,"href":"https:\/\/lavozpuntana.com\/index.php?rest_route=\/wp\/v2\/media\/15632"}],"wp:attachment":[{"href":"https:\/\/lavozpuntana.com\/index.php?rest_route=%2Fwp%2Fv2%2Fmedia&parent=15631"}],"wp:term":[{"taxonomy":"category","embeddable":true,"href":"https:\/\/lavozpuntana.com\/index.php?rest_route=%2Fwp%2Fv2%2Fcategories&post=15631"},{"taxonomy":"post_tag","embeddable":true,"href":"https:\/\/lavozpuntana.com\/index.php?rest_route=%2Fwp%2Fv2%2Ftags&post=15631"}],"curies":[{"name":"wp","href":"https:\/\/api.w.org\/{rel}","templated":true}]}}