{"id":15658,"date":"2024-12-10T14:15:23","date_gmt":"2024-12-10T17:15:23","guid":{"rendered":"https:\/\/lavozpuntana.com\/?p=15658"},"modified":"2024-12-10T14:15:23","modified_gmt":"2024-12-10T17:15:23","slug":"el-sistema-publico-de-salud-provincial-realizo-un-nuevo-trasplante-de-rinon","status":"publish","type":"post","link":"https:\/\/lavozpuntana.com\/?p=15658","title":{"rendered":"EL SISTEMA P\u00daBLICO DE SALUD PROVINCIAL REALIZ\u00d3 UN NUEVO TRASPLANTE DE RI\u00d1\u00d3N"},"content":{"rendered":"\n<figure class=\"wp-block-image size-full\"><img loading=\"lazy\" decoding=\"async\" width=\"800\" height=\"532\" src=\"https:\/\/lavozpuntana.com\/wp-content\/uploads\/2024\/12\/Hospital-Dr-Ramon-Carrillo-2-1-1-1.jpg\" alt=\"\" class=\"wp-image-15659\" srcset=\"https:\/\/lavozpuntana.com\/wp-content\/uploads\/2024\/12\/Hospital-Dr-Ramon-Carrillo-2-1-1-1.jpg 800w, https:\/\/lavozpuntana.com\/wp-content\/uploads\/2024\/12\/Hospital-Dr-Ramon-Carrillo-2-1-1-1-300x200.jpg 300w, https:\/\/lavozpuntana.com\/wp-content\/uploads\/2024\/12\/Hospital-Dr-Ramon-Carrillo-2-1-1-1-768x511.jpg 768w\" sizes=\"auto, (max-width: 800px) 100vw, 800px\" \/><\/figure>\n\n\n\n<p><strong>Desde el Hospital Central \u2018Ram\u00f3n Carrillo\u2019 informaron que durante el transcurso de la tarde de este lunes 9 de diciembre se realiz\u00f3 el segundo trasplante de ri\u00f1\u00f3n por los m\u00e9dicos de esta instituci\u00f3n a un paciente en lista de espera de San Luis con un donante de fuera de la provincia. La cirug\u00eda finaliz\u00f3 aproximadamente a las 20:00, no presentando complicaciones intraoperatorias.<\/strong><\/p>\n\n\n\n<p>Seg\u00fan el parte m\u00e9dico, el paciente se encuentra actualmente en sala com\u00fan cursando su postoperatorio, con estricto control y con conducta expectante.<\/p>\n","protected":false},"excerpt":{"rendered":"<p>Desde el Hospital Central \u2018Ram\u00f3n Carrillo\u2019 informaron que durante el transcurso de la tarde de<\/p>\n","protected":false},"author":4,"featured_media":15659,"comment_status":"closed","ping_status":"closed","sticky":false,"template":"","format":"standard","meta":{"footnotes":""},"categories":[4],"tags":[],"class_list":["post-15658","post","type-post","status-publish","format-standard","has-post-thumbnail","hentry","category-la-provincia"],"_links":{"self":[{"href":"https:\/\/lavozpuntana.com\/index.php?rest_route=\/wp\/v2\/posts\/15658","targetHints":{"allow":["GET"]}}],"collection":[{"href":"https:\/\/lavozpuntana.com\/index.php?rest_route=\/wp\/v2\/posts"}],"about":[{"href":"https:\/\/lavozpuntana.com\/index.php?rest_route=\/wp\/v2\/types\/post"}],"author":[{"embeddable":true,"href":"https:\/\/lavozpuntana.com\/index.php?rest_route=\/wp\/v2\/users\/4"}],"replies":[{"embeddable":true,"href":"https:\/\/lavozpuntana.com\/index.php?rest_route=%2Fwp%2Fv2%2Fcomments&post=15658"}],"version-history":[{"count":1,"href":"https:\/\/lavozpuntana.com\/index.php?rest_route=\/wp\/v2\/posts\/15658\/revisions"}],"predecessor-version":[{"id":15660,"href":"https:\/\/lavozpuntana.com\/index.php?rest_route=\/wp\/v2\/posts\/15658\/revisions\/15660"}],"wp:featuredmedia":[{"embeddable":true,"href":"https:\/\/lavozpuntana.com\/index.php?rest_route=\/wp\/v2\/media\/15659"}],"wp:attachment":[{"href":"https:\/\/lavozpuntana.com\/index.php?rest_route=%2Fwp%2Fv2%2Fmedia&parent=15658"}],"wp:term":[{"taxonomy":"category","embeddable":true,"href":"https:\/\/lavozpuntana.com\/index.php?rest_route=%2Fwp%2Fv2%2Fcategories&post=15658"},{"taxonomy":"post_tag","embeddable":true,"href":"https:\/\/lavozpuntana.com\/index.php?rest_route=%2Fwp%2Fv2%2Ftags&post=15658"}],"curies":[{"name":"wp","href":"https:\/\/api.w.org\/{rel}","templated":true}]}}