{"id":1607,"date":"2021-03-01T10:58:02","date_gmt":"2021-03-01T13:58:02","guid":{"rendered":"http:\/\/lavozpuntana.com\/?p=1607"},"modified":"2021-03-01T10:58:04","modified_gmt":"2021-03-01T13:58:04","slug":"marzo-otro-mes-que-viene-con-aumento-de-combustibles","status":"publish","type":"post","link":"https:\/\/lavozpuntana.com\/?p=1607","title":{"rendered":"Marzo: otro mes que viene con aumento de combustibles"},"content":{"rendered":"\n<h4 class=\"wp-block-heading\">A partir del 12 de marzo habr\u00e1 aumento de impuestos que afectar\u00e1n el precio de los combustibles<\/h4>\n\n\n\n<figure class=\"wp-block-image size-large is-resized\"><img loading=\"lazy\" decoding=\"async\" src=\"https:\/\/lavozpuntana.com\/wp-content\/uploads\/2021\/03\/combustible.jpg\" alt=\"\" class=\"wp-image-1608\" width=\"575\" height=\"322\"\/><\/figure>\n\n\n\n<p><strong>El a\u00f1o arranc\u00f3 con cuatro aumentos de combustibles, y se prev\u00e9 para marzo un quinto aumento para los biocombustibles que comenzar\u00e1 a regir desde este lunes y  una \u00abactualizaci\u00f3n\u00bb de los impuestos a partir del 12 de marzo<\/strong>, lo cual incidir\u00e1 sobre los precios que se pagan cada vez que vamos a la estaci\u00f3n de servicio. Hasta el momento, la suba acumulada es casi del 12%, y pega de lleno en la l\u00ednea de flotaci\u00f3n de la inflaci\u00f3n, ya que afecta a todos los precios de la econom\u00eda.<\/p>\n\n\n\n<p>Los impuestos que se incrementar\u00e1n a partir del 12 de marzo son dos: <strong>El impuesto a los Combustibles l\u00edquidos (ICL) y el Impuesto al Di\u00f3xido de Carbono (IDC)<\/strong>, los cuales aumentan trimestralmente de acuerdo al \u00edndice de precios al consumidor que mide el INDEC. <\/p>\n\n\n\n<p><strong>La ca\u00edda en el consumo del combustible es notoria, y desde el sector adelantaron que en enero fue del 6,6% respecto a diciembre 2020<\/strong>, y lo que esperaban fuera una recuperaci\u00f3n luego del desplome de ventas producido por la pandemia y la larga cuarentena. <strong>La c\u00e1mara que nuclea a las estaciones de servicio advirti\u00f3 que la ca\u00edda total en las ventas comparadas con febrero 2020 ronda el 17%<\/strong>, y creen que va a ser un duro golpe para el sector, en el cual podr\u00edan cerrarse una buena parte de las mismas, por eso reclaman al gobierno mayor participaci\u00f3n en las decisiones que los afectan.<\/p>\n","protected":false},"excerpt":{"rendered":"<p>A partir del 12 de marzo habr\u00e1 aumento de impuestos que afectar\u00e1n el precio de<\/p>\n","protected":false},"author":4,"featured_media":1608,"comment_status":"closed","ping_status":"closed","sticky":false,"template":"","format":"standard","meta":{"footnotes":""},"categories":[5],"tags":[679,680,681],"class_list":["post-1607","post","type-post","status-publish","format-standard","has-post-thumbnail","hentry","category-el-pais","tag-aumentodecombustible","tag-aumentoimpositivo","tag-subadelanafta"],"_links":{"self":[{"href":"https:\/\/lavozpuntana.com\/index.php?rest_route=\/wp\/v2\/posts\/1607","targetHints":{"allow":["GET"]}}],"collection":[{"href":"https:\/\/lavozpuntana.com\/index.php?rest_route=\/wp\/v2\/posts"}],"about":[{"href":"https:\/\/lavozpuntana.com\/index.php?rest_route=\/wp\/v2\/types\/post"}],"author":[{"embeddable":true,"href":"https:\/\/lavozpuntana.com\/index.php?rest_route=\/wp\/v2\/users\/4"}],"replies":[{"embeddable":true,"href":"https:\/\/lavozpuntana.com\/index.php?rest_route=%2Fwp%2Fv2%2Fcomments&post=1607"}],"version-history":[{"count":1,"href":"https:\/\/lavozpuntana.com\/index.php?rest_route=\/wp\/v2\/posts\/1607\/revisions"}],"predecessor-version":[{"id":1609,"href":"https:\/\/lavozpuntana.com\/index.php?rest_route=\/wp\/v2\/posts\/1607\/revisions\/1609"}],"wp:featuredmedia":[{"embeddable":true,"href":"https:\/\/lavozpuntana.com\/index.php?rest_route=\/wp\/v2\/media\/1608"}],"wp:attachment":[{"href":"https:\/\/lavozpuntana.com\/index.php?rest_route=%2Fwp%2Fv2%2Fmedia&parent=1607"}],"wp:term":[{"taxonomy":"category","embeddable":true,"href":"https:\/\/lavozpuntana.com\/index.php?rest_route=%2Fwp%2Fv2%2Fcategories&post=1607"},{"taxonomy":"post_tag","embeddable":true,"href":"https:\/\/lavozpuntana.com\/index.php?rest_route=%2Fwp%2Fv2%2Ftags&post=1607"}],"curies":[{"name":"wp","href":"https:\/\/api.w.org\/{rel}","templated":true}]}}