{"id":16085,"date":"2025-01-16T12:25:49","date_gmt":"2025-01-16T15:25:49","guid":{"rendered":"https:\/\/lavozpuntana.com\/?p=16085"},"modified":"2025-01-16T12:29:44","modified_gmt":"2025-01-16T15:29:44","slug":"el-papa-francisco-sufrio-una-caida-sin-fracturas-pero-le-inmovilizaron","status":"publish","type":"post","link":"https:\/\/lavozpuntana.com\/?p=16085","title":{"rendered":"EL PAPA FRANCISCO SUFRI\u00d3 UNA CA\u00cdDA SIN FRACTURAS PERO LE INMOVILIZARON EL BRAZO POR PRECAUCI\u00d3N"},"content":{"rendered":"\n<p>El papa&nbsp;<strong>Francisco<\/strong>&nbsp;se cay\u00f3 el jueves y se lastim\u00f3 el brazo derecho, dijo el&nbsp;<strong>Vaticano<\/strong>, apenas unas semanas despu\u00e9s de otra aparente ca\u00edda que le provoc\u00f3 un fuerte moret\u00f3n en la barbilla.<\/p>\n\n\n\n<p><strong>Francisco<\/strong>&nbsp;no se fractur\u00f3 el brazo, pero&nbsp;<strong>se le coloc\u00f3 un cabestrillo como medida de precauci\u00f3n<\/strong>, seg\u00fan dijo el portavoz del&nbsp;<strong>Vaticano<\/strong>&nbsp;en un comunicado.<\/p>\n\n\n\n<p>El 7 de diciembre, el papa&nbsp;<strong>Francisco<\/strong>&nbsp;se golpe\u00f3 la barbilla contra su mesita de noche en una aparente ca\u00edda que result\u00f3 en un fuerte moret\u00f3n.<\/p>\n\n\n\n<p>El papa, de 88 a\u00f1os, quien ha lidiado con problemas de salud, incluidos largos episodios de bronquitis,&nbsp;<strong>con frecuencia debe usar una silla de ruedas debido a problemas severos en las rodillas<\/strong>. Utiliza un andador o un bast\u00f3n cuando se desplaza por su alojamiento en el hotel&nbsp;<strong>Santa Marta<\/strong>.<\/p>\n\n\n\n<p>El&nbsp;<strong>Vaticano<\/strong>&nbsp;se\u00f1al\u00f3 que la ca\u00edda de este jueves tambi\u00e9n ocurri\u00f3 en&nbsp;<strong>Santa Marta<\/strong>, y el papa fue visto posteriormente en audiencias con el brazo derecho en un cabestrillo.<\/p>\n\n\n\n<p><strong>\u201cEsta ma\u00f1ana, debido a una ca\u00edda en la Casa Santa Marta, el papa Francisco sufri\u00f3 una contusi\u00f3n en el antebrazo derecho, sin fractura. El brazo fue inmovilizado como medida de precauci\u00f3n\u201d<\/strong>, dec\u00eda el comunicado.<\/p>\n\n\n\n<p>Previo a la fiesta de Navidad, el&nbsp;<strong>pont\u00edfice argentino&nbsp;<\/strong>presidi\u00f3 el rezo del&nbsp;<strong>\u00c1ngelus&nbsp;<\/strong>dominical desde la capilla de su residencia vaticana y no desde la&nbsp;<strong>ventana del Palacio Apost\u00f3lico<\/strong>&nbsp;para sanar un resfriado y como \u201cprecauci\u00f3n\u201d antes de la celebraci\u00f3n m\u00e1s importante del catolicismo.<\/p>\n\n\n\n<p>\u201cQueridos hermanos y hermanas, buenos d\u00edas.&nbsp;<strong>Lamento no estar con vosotros en la plaza. Estoy mejorando, pero se deben tomar precauciones<\/strong>\u201d, empez\u00f3 el papa, con una voz algo afectada y con tos, en su mensaje retransmitido por la Santa Sede.<\/p>\n\n\n\n<p>La especulaci\u00f3n sobre la salud de&nbsp;<strong>Francisco<\/strong>&nbsp;es una constante en los c\u00edrculos vaticanos, especialmente despu\u00e9s de que el papa&nbsp;<strong>Benedicto XVI<\/strong>&nbsp;rompiera 600 a\u00f1os de tradici\u00f3n y renunciara al papado en 2013. Los asistentes de&nbsp;<strong>Benedicto<\/strong>&nbsp;han atribuido la decisi\u00f3n a una ca\u00edda nocturna que sufri\u00f3 durante un viaje a&nbsp;<strong>M\u00e9xico<\/strong>&nbsp;en 2012, tras la cual determin\u00f3 que no pod\u00eda cumplir con las exigencias de un papado itinerante.<\/p>\n\n\n\n<p>Sin embargo,&nbsp;<strong>Francisco<\/strong>&nbsp;ha dicho que no tiene planes de renunciar en el futuro cercano, incluso si&nbsp;<strong>Benedicto<\/strong>&nbsp;\u201cabri\u00f3 la puerta\u201d a esa posibilidad. En su autobiograf\u00eda&nbsp;<strong>\u201cEsperanza\u201d<\/strong>, publicada esta semana,&nbsp;<strong>Francisco<\/strong>&nbsp;afirm\u00f3 que no hab\u00eda considerado renunciar incluso cuando se someti\u00f3 a una cirug\u00eda intestinal mayor.<\/p>\n","protected":false},"excerpt":{"rendered":"<p>La informaci\u00f3n fue confirmada por la oficina de prensa del Vaticano. Debido al accidente se hizo un hematoma en el antebrazo derecho<\/p>\n","protected":false},"author":4,"featured_media":16086,"comment_status":"closed","ping_status":"closed","sticky":false,"template":"","format":"standard","meta":{"footnotes":""},"categories":[6],"tags":[],"class_list":["post-16085","post","type-post","status-publish","format-standard","has-post-thumbnail","hentry","category-el-mundo"],"_links":{"self":[{"href":"https:\/\/lavozpuntana.com\/index.php?rest_route=\/wp\/v2\/posts\/16085","targetHints":{"allow":["GET"]}}],"collection":[{"href":"https:\/\/lavozpuntana.com\/index.php?rest_route=\/wp\/v2\/posts"}],"about":[{"href":"https:\/\/lavozpuntana.com\/index.php?rest_route=\/wp\/v2\/types\/post"}],"author":[{"embeddable":true,"href":"https:\/\/lavozpuntana.com\/index.php?rest_route=\/wp\/v2\/users\/4"}],"replies":[{"embeddable":true,"href":"https:\/\/lavozpuntana.com\/index.php?rest_route=%2Fwp%2Fv2%2Fcomments&post=16085"}],"version-history":[{"count":2,"href":"https:\/\/lavozpuntana.com\/index.php?rest_route=\/wp\/v2\/posts\/16085\/revisions"}],"predecessor-version":[{"id":16089,"href":"https:\/\/lavozpuntana.com\/index.php?rest_route=\/wp\/v2\/posts\/16085\/revisions\/16089"}],"wp:featuredmedia":[{"embeddable":true,"href":"https:\/\/lavozpuntana.com\/index.php?rest_route=\/wp\/v2\/media\/16086"}],"wp:attachment":[{"href":"https:\/\/lavozpuntana.com\/index.php?rest_route=%2Fwp%2Fv2%2Fmedia&parent=16085"}],"wp:term":[{"taxonomy":"category","embeddable":true,"href":"https:\/\/lavozpuntana.com\/index.php?rest_route=%2Fwp%2Fv2%2Fcategories&post=16085"},{"taxonomy":"post_tag","embeddable":true,"href":"https:\/\/lavozpuntana.com\/index.php?rest_route=%2Fwp%2Fv2%2Ftags&post=16085"}],"curies":[{"name":"wp","href":"https:\/\/api.w.org\/{rel}","templated":true}]}}