{"id":17117,"date":"2025-04-23T13:36:03","date_gmt":"2025-04-23T16:36:03","guid":{"rendered":"https:\/\/lavozpuntana.com\/?p=17117"},"modified":"2026-02-03T04:03:55","modified_gmt":"2026-02-03T07:03:55","slug":"noventa-cadetes-del-instituto-de-seguridad-publica-recorren-las-calles-y-barrios-de-la-capital","status":"publish","type":"post","link":"https:\/\/lavozpuntana.com\/?p=17117","title":{"rendered":"NOVENTA CADETES DEL INSTITUTO DE SEGURIDAD P\u00daBLICA RECORREN LAS CALLES Y BARRIOS DE LA CAPITAL"},"content":{"rendered":"\n<figure class=\"wp-block-image size-large\"><img loading=\"lazy\" decoding=\"async\" width=\"1024\" height=\"668\" src=\"https:\/\/lavozpuntana.com\/wp-content\/uploads\/2025\/04\/WhatsApp-Image-2025-04-23-at-11.07.01-scaled-1-1024x668.jpeg\" alt=\"\" class=\"wp-image-17118\" srcset=\"https:\/\/lavozpuntana.com\/wp-content\/uploads\/2025\/04\/WhatsApp-Image-2025-04-23-at-11.07.01-scaled-1-1024x668.jpeg 1024w, https:\/\/lavozpuntana.com\/wp-content\/uploads\/2025\/04\/WhatsApp-Image-2025-04-23-at-11.07.01-scaled-1-300x196.jpeg 300w, https:\/\/lavozpuntana.com\/wp-content\/uploads\/2025\/04\/WhatsApp-Image-2025-04-23-at-11.07.01-scaled-1-768x501.jpeg 768w, https:\/\/lavozpuntana.com\/wp-content\/uploads\/2025\/04\/WhatsApp-Image-2025-04-23-at-11.07.01-scaled-1-1536x1003.jpeg 1536w, https:\/\/lavozpuntana.com\/wp-content\/uploads\/2025\/04\/WhatsApp-Image-2025-04-23-at-11.07.01-scaled-1-2048x1337.jpeg 2048w\" sizes=\"auto, (max-width: 1024px) 100vw, 1024px\" \/><\/figure>\n\n\n\n<p><strong>Los patrullajes forman parte de sus pr\u00e1cticas preprofesionales antes de incorporarse a la fuerza policial. Son supervisados por polic\u00edas en actividad y fueron dotados de armas no letales.<\/strong><\/p>\n\n\n\n<p>Desde este lunes, noventa cadetes del Instituto de Seguridad P\u00fablica \u2018Juan Pascual Pringles\u2019 recorren calles y barrios de San Luis capital como parte de sus pr\u00e1cticas preprofesionales, con las que adquirir\u00e1n experiencia en el campo de trabajo antes de egresarse e incorporarse a la fuerza policial en 2026.<\/p>\n\n\n\n<p>Este mi\u00e9rcoles, en conferencia de prensa, el comisario general Gerardo Vel\u00e1zquez, rector del Instituto de Seguridad P\u00fablica, coment\u00f3 que \u201cla totalidad de los cadetes han comenzado a trabajar sus pr\u00e1cticas en diferentes sectores, que la Polic\u00eda establece a partir de lo que se llama el mapa del delito. Estas pr\u00e1cticas profesionalizantes tienen una carga horaria, que por supuesto figura en la curr\u00edcula, con una carga horaria de 90 horas c\u00e1tedra. Es una materia anual y, en consecuencia, en la etapa final de este tercer a\u00f1o, la promoci\u00f3n n\u00famero 48 est\u00e1 transitando estas pr\u00e1cticas, que para ellos es sumamente importante, teniendo en cuenta que en su trabajo van a ir relevando y explicitando, recogiendo esa vivencia y esa experiencia de transitar, en este caso, las calles de San Luis, uniformados y bajo la tutela del personal policial ya incorporado\u201d.<\/p>\n\n\n\n<p>Vel\u00e1zquez explic\u00f3 que los cadetes est\u00e1n uniformados y que fueron dotados con pistolas Byrna, armas no letales que \u201chan sido incorporadas como una herramienta de trabajo de manera innovadora, porque es la primera vez que el instituto y la Polic\u00eda cuentan con esta herramienta sumamente importante para que el cadete, en sus pr\u00e1cticas, vaya ganando confianza y vaya de a poquito insert\u00e1ndose en los marcos de prevenci\u00f3n, en los dise\u00f1os de prevenci\u00f3n que tiene la polic\u00eda\u201d.<\/p>\n\n\n\n<p>Est\u00e1 previsto que las pr\u00e1cticas, que se desarrollan de 15:00 a 20:00, concluyan el 1\u00ba de noviembre, antes de que termine el \u00faltimo a\u00f1o de cursada, a mediados de diciembre. \u201cEn los primeros d\u00edas de 2026 van a estar en condiciones de ser incorporados tanto a la fuerza policial como al servicio penitenciario\u201d, explic\u00f3 el rector.<\/p>\n\n\n\n<p>A su turno, el comisario Rolando Jofr\u00e9, jefe de la Unidad Operativa y Patrulla de Infantes, est\u00e1 a cargo de diagramar los recorridos y patrullajes de los cadetes. \u201cTenemos la unidad que recibe el reporte diario del mapa del delito y analizamos, todos los d\u00edas, la distribuci\u00f3n de las patrullas en los distintos barrios donde seamos m\u00e1s solicitados\u201d, como las jurisdicciones de las comisar\u00edas 2\u00aa, 3\u00aa, 4\u00aa, 38\u00aa, 23\u00aa y 41\u00aa.<\/p>\n\n\n\n<p>\u201cEstuvimos hablando con los vecinos y hemos tenido una buena respuesta en todos los barrios\u201d, coment\u00f3 sobre la implementaci\u00f3n de la iniciativa.<\/p>\n","protected":false},"excerpt":{"rendered":"<p>Los patrullajes forman parte de sus pr\u00e1cticas preprofesionales antes de incorporarse a la fuerza policial.<\/p>\n","protected":false},"author":4,"featured_media":17118,"comment_status":"closed","ping_status":"closed","sticky":false,"template":"","format":"standard","meta":{"footnotes":""},"categories":[4],"tags":[],"class_list":["post-17117","post","type-post","status-publish","format-standard","has-post-thumbnail","hentry","category-la-provincia"],"_links":{"self":[{"href":"https:\/\/lavozpuntana.com\/index.php?rest_route=\/wp\/v2\/posts\/17117","targetHints":{"allow":["GET"]}}],"collection":[{"href":"https:\/\/lavozpuntana.com\/index.php?rest_route=\/wp\/v2\/posts"}],"about":[{"href":"https:\/\/lavozpuntana.com\/index.php?rest_route=\/wp\/v2\/types\/post"}],"author":[{"embeddable":true,"href":"https:\/\/lavozpuntana.com\/index.php?rest_route=\/wp\/v2\/users\/4"}],"replies":[{"embeddable":true,"href":"https:\/\/lavozpuntana.com\/index.php?rest_route=%2Fwp%2Fv2%2Fcomments&post=17117"}],"version-history":[{"count":3,"href":"https:\/\/lavozpuntana.com\/index.php?rest_route=\/wp\/v2\/posts\/17117\/revisions"}],"predecessor-version":[{"id":21019,"href":"https:\/\/lavozpuntana.com\/index.php?rest_route=\/wp\/v2\/posts\/17117\/revisions\/21019"}],"wp:featuredmedia":[{"embeddable":true,"href":"https:\/\/lavozpuntana.com\/index.php?rest_route=\/wp\/v2\/media\/17118"}],"wp:attachment":[{"href":"https:\/\/lavozpuntana.com\/index.php?rest_route=%2Fwp%2Fv2%2Fmedia&parent=17117"}],"wp:term":[{"taxonomy":"category","embeddable":true,"href":"https:\/\/lavozpuntana.com\/index.php?rest_route=%2Fwp%2Fv2%2Fcategories&post=17117"},{"taxonomy":"post_tag","embeddable":true,"href":"https:\/\/lavozpuntana.com\/index.php?rest_route=%2Fwp%2Fv2%2Ftags&post=17117"}],"curies":[{"name":"wp","href":"https:\/\/api.w.org\/{rel}","templated":true}]}}