{"id":1786,"date":"2021-03-10T15:48:17","date_gmt":"2021-03-10T18:48:17","guid":{"rendered":"http:\/\/lavozpuntana.com\/?p=1786"},"modified":"2021-03-10T15:48:20","modified_gmt":"2021-03-10T18:48:20","slug":"la-justicia-absolvio-al-cura-carlos-eduardo-jose-quien-abuso-9-anos-de-una-joven","status":"publish","type":"post","link":"https:\/\/lavozpuntana.com\/?p=1786","title":{"rendered":"La justicia absolvi\u00f3 al cura Carlos Eduardo Jos\u00e9, quien abus\u00f3 9 a\u00f1os de una joven"},"content":{"rendered":"\n<h2 class=\"wp-block-heading\" style=\"font-size:24px\">La absoluci\u00f3n fue concedida porque la justicia considera \u00abprescriptos\u00bb los abusos. La noticia enfureci\u00f3 a las v\u00edctimas y sus allegados, quienes consideran la medida vergonzosa. <\/h2>\n\n\n\n<figure class=\"wp-block-image size-large\"><img decoding=\"async\" src=\"https:\/\/lavozpuntana.com\/wp-content\/uploads\/2021\/03\/cura-abuso3_1615311080-1024x563.jpg\" alt=\"\" class=\"wp-image-1787\"\/><figcaption>El p\u00e1rroco renunci\u00f3 al sacerdocio en 2017, tras ser acusado por Mail\u00edn Gobbo. Cr\u00e9ditos: AP. <\/figcaption><\/figure>\n\n\n\n<p>Ayer martes la\u00a0Justicia absolvi\u00f3 al exsacerdote Carlos Eduardo Jos\u00e9 (62), acusado de haber cometido\u00a0abusos sexuales\u00a0contra menores de edad durante sus a\u00f1os de p\u00e1rroco. <\/p>\n\n\n\n<p>El religioso fue acusado en 2017 por Mail\u00edn Gobbo, una de sus v\u00edctimas. El exsacerdote<strong> comenz\u00f3 los abusos cuando ella ten\u00eda doce a\u00f1os, y se extendieron por 9 a\u00f1os. <\/strong>Hector Silveira, abogado de Mail\u00edn exclam\u00f3 en TN: \u00abPrescripci\u00f3n, se amparan atr\u00e1s de eso, nunca neg\u00f3 los hechos, nunca\u00bb. Ante la bochornosa medida, el letrado anunci\u00f3 que recurrir\u00e1 a Tribunal de Casaci\u00f3n. <\/p>\n\n\n\n<p>\u00abEsto es inconcebible, que lo dejen libre, pero no porque no los hizo. La figura no prescribe, es as\u00ed de sencillo, y tienen la posibilidad, no quieren, la justicia no lo quiere\u00bb, agreg\u00f3 el abogado.<\/p>\n\n\n\n<p>Gobbo, la primera v\u00edctima en denunciarlo, asisti\u00f3 al tribunal y se mostr\u00f3 indignada al momento que dictaminaron la absoluci\u00f3n del ped\u00f3filo. Acus\u00f3 a la Justicia de \u00abcomplice\u00bb de los abusos: \u00abLa Justicia es c\u00f3mplice, los jueces son c\u00f3mplices, los abogados son c\u00f3mplices. Cubren a un ped\u00f3filo, \u00e9l sale, vuelve a abusar\u00bb.<\/p>\n\n\n\n<p>Sin embargo, <strong>no fue la \u00fanica denuncia que Carlos Eduardo Jos\u00e9 recibi\u00f3<\/strong>: otras alumnas del mismo colegio denunciaron abusos por parte del religioso, aunque tambi\u00e9n fueron considerados prescriptos. \u00abYo pude denunciar, pero mi caso lo consideraron prescripto, porque hace muchos a\u00f1os, porque esta justicia necesitar una reforma feminista urgente\u00bb, se\u00f1al\u00f3 Karen, otra de las denunciantes. <\/p>\n\n\n\n<p>Tras conocer la absoluci\u00f3n, <strong>la Red de Sobrevivientes de Abusos Sexuales Eclesi\u00e1sticos de Argentina rechaz\u00f3 el accionar de la justicia y se solidariz\u00f3 con las v\u00edctimas.<\/strong> \u201cAcompa\u00f1amos y abrazamos a las sobrevivientes y familias\u201d, detallaron.<\/p>\n\n\n\n<figure class=\"wp-block-image size-large\"><img decoding=\"async\" src=\"https:\/\/lavozpuntana.com\/wp-content\/uploads\/2021\/03\/RED_1615398971.jpg\" alt=\"\" class=\"wp-image-1790\"\/><figcaption>Los sobrevivientes de abusos eclesi\u00e1sticos manifestaron su desprecio con esta carta. <\/figcaption><\/figure>\n\n\n\n<p><\/p>\n","protected":false},"excerpt":{"rendered":"<p>La absoluci\u00f3n fue concedida porque la justicia considera \u00abprescriptos\u00bb los abusos. La noticia enfureci\u00f3 a<\/p>\n","protected":false},"author":5,"featured_media":0,"comment_status":"closed","ping_status":"closed","sticky":false,"template":"","format":"standard","meta":{"footnotes":""},"categories":[5],"tags":[761,763,762,601],"class_list":["post-1786","post","type-post","status-publish","format-standard","hentry","category-el-pais","tag-abusos","tag-justicia","tag-pedofilo","tag-violencia"],"_links":{"self":[{"href":"https:\/\/lavozpuntana.com\/index.php?rest_route=\/wp\/v2\/posts\/1786","targetHints":{"allow":["GET"]}}],"collection":[{"href":"https:\/\/lavozpuntana.com\/index.php?rest_route=\/wp\/v2\/posts"}],"about":[{"href":"https:\/\/lavozpuntana.com\/index.php?rest_route=\/wp\/v2\/types\/post"}],"author":[{"embeddable":true,"href":"https:\/\/lavozpuntana.com\/index.php?rest_route=\/wp\/v2\/users\/5"}],"replies":[{"embeddable":true,"href":"https:\/\/lavozpuntana.com\/index.php?rest_route=%2Fwp%2Fv2%2Fcomments&post=1786"}],"version-history":[{"count":1,"href":"https:\/\/lavozpuntana.com\/index.php?rest_route=\/wp\/v2\/posts\/1786\/revisions"}],"predecessor-version":[{"id":1791,"href":"https:\/\/lavozpuntana.com\/index.php?rest_route=\/wp\/v2\/posts\/1786\/revisions\/1791"}],"wp:attachment":[{"href":"https:\/\/lavozpuntana.com\/index.php?rest_route=%2Fwp%2Fv2%2Fmedia&parent=1786"}],"wp:term":[{"taxonomy":"category","embeddable":true,"href":"https:\/\/lavozpuntana.com\/index.php?rest_route=%2Fwp%2Fv2%2Fcategories&post=1786"},{"taxonomy":"post_tag","embeddable":true,"href":"https:\/\/lavozpuntana.com\/index.php?rest_route=%2Fwp%2Fv2%2Ftags&post=1786"}],"curies":[{"name":"wp","href":"https:\/\/api.w.org\/{rel}","templated":true}]}}