{"id":17947,"date":"2025-07-01T13:50:05","date_gmt":"2025-07-01T16:50:05","guid":{"rendered":"https:\/\/lavozpuntana.com\/?p=17947"},"modified":"2026-02-03T04:03:57","modified_gmt":"2026-02-03T07:03:57","slug":"la-obra-de-energia-electrica-en-concaran-supera-el-80-de-avance","status":"publish","type":"post","link":"https:\/\/lavozpuntana.com\/?p=17947","title":{"rendered":"LA OBRA DE ENERG\u00cdA EL\u00c9CTRICA EN CONCAR\u00c1N SUPERA EL 80% DE AVANCE"},"content":{"rendered":"\n<figure class=\"wp-block-image size-large\"><img loading=\"lazy\" decoding=\"async\" width=\"1024\" height=\"686\" src=\"https:\/\/lavozpuntana.com\/wp-content\/uploads\/2025\/07\/WhatsApp-Image-2025-06-27-at-08.06.32-3-1024x686.jpeg\" alt=\"\" class=\"wp-image-17948\" srcset=\"https:\/\/lavozpuntana.com\/wp-content\/uploads\/2025\/07\/WhatsApp-Image-2025-06-27-at-08.06.32-3-1024x686.jpeg 1024w, https:\/\/lavozpuntana.com\/wp-content\/uploads\/2025\/07\/WhatsApp-Image-2025-06-27-at-08.06.32-3-300x201.jpeg 300w, https:\/\/lavozpuntana.com\/wp-content\/uploads\/2025\/07\/WhatsApp-Image-2025-06-27-at-08.06.32-3-768x514.jpeg 768w, https:\/\/lavozpuntana.com\/wp-content\/uploads\/2025\/07\/WhatsApp-Image-2025-06-27-at-08.06.32-3.jpeg 1280w\" sizes=\"auto, (max-width: 1024px) 100vw, 1024px\" \/><\/figure>\n\n\n\n<p><strong>El Gobierno provincial invirti\u00f3 m\u00e1s de $391 millones para establecer la infraestructura del servicio y beneficiar a m\u00e1s de cien propietarios del barrio Estaci\u00f3n de Ferrocarril. Tambi\u00e9n se instal\u00f3 iluminaci\u00f3n p\u00fablica.<\/strong><\/p>\n\n\n\n<p>La direcci\u00f3n de Infraestructura H\u00eddrica y Energ\u00e9tica inform\u00f3 que la obra para la provisi\u00f3n de energ\u00eda el\u00e9ctrica en el barrio Estaci\u00f3n de Ferrocarril, de Concar\u00e1n, entr\u00f3 en etapas de culminaci\u00f3n. Con m\u00e1s del 80% de adelanto ya se aprecian las columnas y el cableado que recorren el complejo.<\/p>\n\n\n\n<p>El organismo detall\u00f3 que el Gobierno invirti\u00f3 m\u00e1s de $391 millones para disponer el servicio en m\u00e1s de cien lotes. Al respecto, precisaron que se efectu\u00f3 la derivaci\u00f3n de una l\u00ednea de media tensi\u00f3n compacta y se construy\u00f3 un centro de transformaci\u00f3n que alimentar\u00e1 a un grupo de manzanas. Adem\u00e1s, se repotenci\u00f3 el centro de transformaci\u00f3n existente para alimentar otros bloques. Adicionalmente, se coloca alumbrado p\u00fablico.<\/p>\n\n\n\n<p>Cabe recordar que en esta localidad el gobernador Claudio Poggi inaugur\u00f3 el 14 febrero pasado una obra de pavimento realizada en el ingreso, sobre las calles Pedernera, Ayacucho, Liniers y Alem, como parte el plan \u2018Construyendo con tu Pueblo\u2019, por el cual la Provincia y el Municipio aportan dinero en partes iguales para reactivar el trabajo. Se trat\u00f3 de una actividad articulada entre Vialidad Provincial y la Municipalidad.<\/p>\n\n\n\n<p>En la misma visita, el Gobernador firm\u00f3 un decreto para continuar el desag\u00fce existente bajo las v\u00edas del Ferrocarril, un canal trapecial de hormig\u00f3n para conducir el agua hacia el conducto, realizando previamente su demolici\u00f3n para el ingreso de esta nueva obra y la construcci\u00f3n del pavimento de vinculaci\u00f3n con la avenida Polo Godoy Rojo.<\/p>\n","protected":false},"excerpt":{"rendered":"<p>El Gobierno provincial invirti\u00f3 m\u00e1s de $391 millones para establecer la infraestructura del servicio y<\/p>\n","protected":false},"author":4,"featured_media":17948,"comment_status":"closed","ping_status":"closed","sticky":false,"template":"","format":"standard","meta":{"footnotes":""},"categories":[4],"tags":[],"class_list":["post-17947","post","type-post","status-publish","format-standard","has-post-thumbnail","hentry","category-la-provincia"],"_links":{"self":[{"href":"https:\/\/lavozpuntana.com\/index.php?rest_route=\/wp\/v2\/posts\/17947","targetHints":{"allow":["GET"]}}],"collection":[{"href":"https:\/\/lavozpuntana.com\/index.php?rest_route=\/wp\/v2\/posts"}],"about":[{"href":"https:\/\/lavozpuntana.com\/index.php?rest_route=\/wp\/v2\/types\/post"}],"author":[{"embeddable":true,"href":"https:\/\/lavozpuntana.com\/index.php?rest_route=\/wp\/v2\/users\/4"}],"replies":[{"embeddable":true,"href":"https:\/\/lavozpuntana.com\/index.php?rest_route=%2Fwp%2Fv2%2Fcomments&post=17947"}],"version-history":[{"count":3,"href":"https:\/\/lavozpuntana.com\/index.php?rest_route=\/wp\/v2\/posts\/17947\/revisions"}],"predecessor-version":[{"id":21278,"href":"https:\/\/lavozpuntana.com\/index.php?rest_route=\/wp\/v2\/posts\/17947\/revisions\/21278"}],"wp:featuredmedia":[{"embeddable":true,"href":"https:\/\/lavozpuntana.com\/index.php?rest_route=\/wp\/v2\/media\/17948"}],"wp:attachment":[{"href":"https:\/\/lavozpuntana.com\/index.php?rest_route=%2Fwp%2Fv2%2Fmedia&parent=17947"}],"wp:term":[{"taxonomy":"category","embeddable":true,"href":"https:\/\/lavozpuntana.com\/index.php?rest_route=%2Fwp%2Fv2%2Fcategories&post=17947"},{"taxonomy":"post_tag","embeddable":true,"href":"https:\/\/lavozpuntana.com\/index.php?rest_route=%2Fwp%2Fv2%2Ftags&post=17947"}],"curies":[{"name":"wp","href":"https:\/\/api.w.org\/{rel}","templated":true}]}}