{"id":1807,"date":"2021-03-11T11:13:17","date_gmt":"2021-03-11T14:13:17","guid":{"rendered":"http:\/\/lavozpuntana.com\/?p=1807"},"modified":"2021-03-11T11:13:18","modified_gmt":"2021-03-11T14:13:18","slug":"losardo-la-salida-de-la-ex-ministra-exacerba-la-pelea-interna-por-ocupar-un-cargo-que-quema","status":"publish","type":"post","link":"https:\/\/lavozpuntana.com\/?p=1807","title":{"rendered":"Losardo: la salida de la ex ministra exacerba la pelea interna por ocupar un cargo que \u201cquema\u201d"},"content":{"rendered":"\n<h4 class=\"wp-block-heading\">Alberto no termina de definir qui\u00e9n reemplazar\u00e1 a la ministra renunciante, varios nombres en danza<\/h4>\n\n\n\n<figure class=\"wp-block-image size-large\"><img decoding=\"async\" src=\"https:\/\/lavozpuntana.com\/wp-content\/uploads\/2021\/03\/losardo-fernandez.jpg\" alt=\"\" class=\"wp-image-1809\"\/><figcaption>Cr\u00e9ditos: perfil.com<\/figcaption><\/figure>\n\n\n\n<p><strong>La salida de la ex ministra de justicia Losardo desat\u00f3 toda una serie de internas dentro del gobierno y varios interrogantes en el propio poder judicial.<\/strong> En un a\u00f1o electoral donde uno esperar\u00eda que lo que prime son las certidumbres, la indecisi\u00f3n de Alberto Fern\u00e1ndez sobre a quien nombrar para ese puesto que, a juzgar por los debates, es una \u201cpapa caliente\u201d, genera todav\u00eda m\u00e1s incertidumbres.<\/p>\n\n\n\n<p><strong>El Poder Judicial espera un nombre cercano a la vicepresidente, con un discurso fuerte sobre el <em>Lawfare<\/em> y con un embate inusitado contra los jueces y la corte, por eso suena fuerte Mart\u00edn Soria, el rionegrino cercano al Instituto Patria<\/strong>. De hecho, la espera a c\u00f3mo se va a rearmar una cartera sensible para el oficialismo en lugar de restarle importancia a la renuncia de la ministra genera mayor expectaci\u00f3n, y el impacto empieza a amplificarse al punto de mostrar hacia fuera los desacuerdos dentro de la coalici\u00f3n gobernante.<\/p>\n\n\n\n<p>El presidente batalla s\u00f3lo en medio de conflictos que lo sobrepasan. Por un lado intento minimizar la salida de Losardo, vincul\u00e1ndola a una decisi\u00f3n personal, ligada al desgaste del cargo, algo que los analistas pol\u00edticos no dejaron pasar, y lo vincularon con el discurso de Alberto en la apertura de las legislativas, y al mon\u00f3logo de Cristina en la declaraci\u00f3n de la causa de d\u00f3lar futuro, en d\u00f3nde cargo contra jueces y periodistas.<\/p>\n\n\n\n<figure class=\"wp-block-image size-large\"><img loading=\"lazy\" decoding=\"async\" width=\"1024\" height=\"575\" src=\"http:\/\/lavozpuntana.com\/wp-content\/uploads\/2021\/03\/alberto-1-1024x575.jpg\" alt=\"\" class=\"wp-image-1636\" srcset=\"https:\/\/lavozpuntana.com\/wp-content\/uploads\/2021\/03\/alberto-1-1024x575.jpg 1024w, https:\/\/lavozpuntana.com\/wp-content\/uploads\/2021\/03\/alberto-1-300x168.jpg 300w, https:\/\/lavozpuntana.com\/wp-content\/uploads\/2021\/03\/alberto-1-768x431.jpg 768w, https:\/\/lavozpuntana.com\/wp-content\/uploads\/2021\/03\/alberto-1-800x450.jpg 800w, https:\/\/lavozpuntana.com\/wp-content\/uploads\/2021\/03\/alberto-1.jpg 1300w\" sizes=\"auto, (max-width: 1024px) 100vw, 1024px\" \/><\/figure>\n\n\n\n<p><strong>La lectura pol\u00edtica es la erosi\u00f3n de los albertistas y el advenimiento del kirchnerismo m\u00e1s duro al gabinete, y el impacto empieza a sentirse fuerte<\/strong>, sobre todo por la andana de cr\u00edticas a otros miembros de su gabinete. Por eso las expectativas est\u00e1n puestas en el reemplazante de Losardo, para despejar hasta que punto se avanzar\u00e1 en el conflicto con la justicia o si se encaminar\u00e1 hacia el di\u00e1logo y el consenso.<\/p>\n\n\n\n<p><strong>Por eso la decisi\u00f3n de Alberto es trascendental, no tanto porque se cambie un ministro, tensi\u00f3n que de hecho no sucedi\u00f3 con lo de Gin\u00e9s, a\u00fan en medio del esc\u00e1ndalo del vacunagate, sino porque est\u00e1 instalada la sensaci\u00f3n de que este cambio esta relacionado con la b\u00fasqueda de impunidad de su vice<\/strong>. La definici\u00f3n que tome el presidente no pasar\u00e1 inadvertida para los distintos sectores econ\u00f3micos y pol\u00edticos, e incluso para la sociedad. Es un a\u00f1o clave, y las se\u00f1ales que se env\u00eden van a ser definitorias a la hora de poner el sobre en la urna.<\/p>\n","protected":false},"excerpt":{"rendered":"<p>Alberto no termina de definir qui\u00e9n reemplazar\u00e1 a la ministra renunciante, varios nombres en danza<\/p>\n","protected":false},"author":4,"featured_media":0,"comment_status":"closed","ping_status":"closed","sticky":false,"template":"","format":"standard","meta":{"footnotes":""},"categories":[5],"tags":[16,25,767,745,746],"class_list":["post-1807","post","type-post","status-publish","format-standard","hentry","category-el-pais","tag-albertofernandez","tag-cristinakirchner","tag-impunidad","tag-losardo","tag-ministeriodejusticia"],"_links":{"self":[{"href":"https:\/\/lavozpuntana.com\/index.php?rest_route=\/wp\/v2\/posts\/1807","targetHints":{"allow":["GET"]}}],"collection":[{"href":"https:\/\/lavozpuntana.com\/index.php?rest_route=\/wp\/v2\/posts"}],"about":[{"href":"https:\/\/lavozpuntana.com\/index.php?rest_route=\/wp\/v2\/types\/post"}],"author":[{"embeddable":true,"href":"https:\/\/lavozpuntana.com\/index.php?rest_route=\/wp\/v2\/users\/4"}],"replies":[{"embeddable":true,"href":"https:\/\/lavozpuntana.com\/index.php?rest_route=%2Fwp%2Fv2%2Fcomments&post=1807"}],"version-history":[{"count":2,"href":"https:\/\/lavozpuntana.com\/index.php?rest_route=\/wp\/v2\/posts\/1807\/revisions"}],"predecessor-version":[{"id":1810,"href":"https:\/\/lavozpuntana.com\/index.php?rest_route=\/wp\/v2\/posts\/1807\/revisions\/1810"}],"wp:attachment":[{"href":"https:\/\/lavozpuntana.com\/index.php?rest_route=%2Fwp%2Fv2%2Fmedia&parent=1807"}],"wp:term":[{"taxonomy":"category","embeddable":true,"href":"https:\/\/lavozpuntana.com\/index.php?rest_route=%2Fwp%2Fv2%2Fcategories&post=1807"},{"taxonomy":"post_tag","embeddable":true,"href":"https:\/\/lavozpuntana.com\/index.php?rest_route=%2Fwp%2Fv2%2Ftags&post=1807"}],"curies":[{"name":"wp","href":"https:\/\/api.w.org\/{rel}","templated":true}]}}