{"id":1811,"date":"2021-03-11T11:59:00","date_gmt":"2021-03-11T14:59:00","guid":{"rendered":"http:\/\/lavozpuntana.com\/?p=1811"},"modified":"2021-03-11T11:59:02","modified_gmt":"2021-03-11T14:59:02","slug":"alerta-meteorologica-se-esperan-tormentas-fuertes-para-este-jueves-en-el-centro-y-norte-de-la-provincia","status":"publish","type":"post","link":"https:\/\/lavozpuntana.com\/?p=1811","title":{"rendered":"Alerta Meteorol\u00f3gica: se esperan tormentas fuertes para este jueves en el centro y norte de la provincia"},"content":{"rendered":"\n<figure class=\"wp-block-image size-large\"><img decoding=\"async\" src=\"https:\/\/lavozpuntana.com\/wp-content\/uploads\/2021\/03\/alerta-meteorologica.png\" alt=\"\" class=\"wp-image-1812\"\/><\/figure>\n\n\n\n<p>Para este jueves se espera un fuerte descenso de las temperaturas con vientos intensos debido al ingreso un frente fr\u00edo. El cielo estar\u00e1 mayormente nublado y con alta probabilidad de lluvias y tormentas. Para ma\u00f1ana viernes se espera que contin\u00fae el mal tiempo y siga el descenso de las temperaturas en un verano que ya se va acabando.<\/p>\n\n\n\n<p>Desde esta tarde el mal tiempo se har\u00e1 sentir con mayor fuerza en el centro y norte de la provincia con m\u00ednimas de 15\u00b0C y m\u00e1ximas de 25\u00b0C. D\u00edas con calor pero habr\u00e1 que estar atentos a los cambios de temperatura que se ir\u00e1n dando durante el d\u00eda. \u00a1A llevarse un abrigo liviano!<\/p>\n","protected":false},"excerpt":{"rendered":"<p>Para este jueves se espera un fuerte descenso de las temperaturas con vientos intensos debido<\/p>\n","protected":false},"author":4,"featured_media":0,"comment_status":"closed","ping_status":"closed","sticky":false,"template":"","format":"standard","meta":{"footnotes":""},"categories":[4],"tags":[543,768,769],"class_list":["post-1811","post","type-post","status-publish","format-standard","hentry","category-la-provincia","tag-alertameteorologica","tag-lluvias","tag-tormentas"],"_links":{"self":[{"href":"https:\/\/lavozpuntana.com\/index.php?rest_route=\/wp\/v2\/posts\/1811","targetHints":{"allow":["GET"]}}],"collection":[{"href":"https:\/\/lavozpuntana.com\/index.php?rest_route=\/wp\/v2\/posts"}],"about":[{"href":"https:\/\/lavozpuntana.com\/index.php?rest_route=\/wp\/v2\/types\/post"}],"author":[{"embeddable":true,"href":"https:\/\/lavozpuntana.com\/index.php?rest_route=\/wp\/v2\/users\/4"}],"replies":[{"embeddable":true,"href":"https:\/\/lavozpuntana.com\/index.php?rest_route=%2Fwp%2Fv2%2Fcomments&post=1811"}],"version-history":[{"count":1,"href":"https:\/\/lavozpuntana.com\/index.php?rest_route=\/wp\/v2\/posts\/1811\/revisions"}],"predecessor-version":[{"id":1813,"href":"https:\/\/lavozpuntana.com\/index.php?rest_route=\/wp\/v2\/posts\/1811\/revisions\/1813"}],"wp:attachment":[{"href":"https:\/\/lavozpuntana.com\/index.php?rest_route=%2Fwp%2Fv2%2Fmedia&parent=1811"}],"wp:term":[{"taxonomy":"category","embeddable":true,"href":"https:\/\/lavozpuntana.com\/index.php?rest_route=%2Fwp%2Fv2%2Fcategories&post=1811"},{"taxonomy":"post_tag","embeddable":true,"href":"https:\/\/lavozpuntana.com\/index.php?rest_route=%2Fwp%2Fv2%2Ftags&post=1811"}],"curies":[{"name":"wp","href":"https:\/\/api.w.org\/{rel}","templated":true}]}}