{"id":19045,"date":"2025-10-22T11:33:59","date_gmt":"2025-10-22T14:33:59","guid":{"rendered":"https:\/\/lavozpuntana.com\/?p=19045"},"modified":"2026-02-03T04:04:01","modified_gmt":"2026-02-03T07:04:01","slug":"el-gobierno-ya-inicio-la-construccion-de-viviendas-en-24-localidades","status":"publish","type":"post","link":"https:\/\/lavozpuntana.com\/?p=19045","title":{"rendered":"EL GOBIERNO YA INICI\u00d3 LA CONSTRUCCI\u00d3N DE VIVIENDAS EN 24 LOCALIDADES"},"content":{"rendered":"\n<figure class=\"wp-block-image size-large\"><img loading=\"lazy\" decoding=\"async\" width=\"1024\" height=\"682\" src=\"https:\/\/lavozpuntana.com\/wp-content\/uploads\/2025\/10\/WhatsApp-Image-2025-10-21-at-19.48.16-scaled-1-1024x682.jpeg\" alt=\"\" class=\"wp-image-19046\" srcset=\"https:\/\/lavozpuntana.com\/wp-content\/uploads\/2025\/10\/WhatsApp-Image-2025-10-21-at-19.48.16-scaled-1-1024x682.jpeg 1024w, https:\/\/lavozpuntana.com\/wp-content\/uploads\/2025\/10\/WhatsApp-Image-2025-10-21-at-19.48.16-scaled-1-300x200.jpeg 300w, https:\/\/lavozpuntana.com\/wp-content\/uploads\/2025\/10\/WhatsApp-Image-2025-10-21-at-19.48.16-scaled-1-768x512.jpeg 768w, https:\/\/lavozpuntana.com\/wp-content\/uploads\/2025\/10\/WhatsApp-Image-2025-10-21-at-19.48.16-scaled-1-1536x1024.jpeg 1536w, https:\/\/lavozpuntana.com\/wp-content\/uploads\/2025\/10\/WhatsApp-Image-2025-10-21-at-19.48.16-scaled-1-2048x1365.jpeg 2048w\" sizes=\"auto, (max-width: 1024px) 100vw, 1024px\" \/><\/figure>\n\n\n\n<p><strong>El gobernador Claudio Poggi encabez\u00f3 dos reuniones de trabajo en su despacho que tuvieron como objetivo firmar decretos y convenios para la obra de edificaci\u00f3n de nuevos hogares en Quines, Anchorena, Balde, Navia, Papagayos, Villa del Carmen y Luj\u00e1n. Con el acto de este martes, la Provincia alcanz\u00f3 las 202 casas puestas en marcha en 24 localidades.<\/strong><\/p>\n\n\n\n<p>Este martes por la tarde, el Gobernador encabez\u00f3 dos reuniones de trabajo en su despacho para poner en marcha la edificaci\u00f3n de nuevos hogares como parte del plan \u2018Tenemos Futuro\u2019.&nbsp;La primera, a las 18:00, fue con el ministro de Hacienda e Infraestructura P\u00fablica, N\u00e9stor Ordo\u00f1ez y el secretario de Pol\u00edtica Habitacional, Hugo Rossi, entre otras autoridades, para firmar el decreto de contrataci\u00f3n de la empresa que construir\u00e1 20 viviendas en&nbsp;<strong>Quines<\/strong>.<\/p>\n\n\n\n<p>Posteriormente y acompa\u00f1ado por integrantes de su gabinete, el Gobernador recibi\u00f3 a los intendentes de&nbsp;<strong>Anchorena<\/strong>, H\u00e9ctor Baigorria; de&nbsp;<strong>Navia,<\/strong>&nbsp;Osvaldo Olivera; de&nbsp;<strong>Luj\u00e1n<\/strong>, Pablo L\u00f3pez; de&nbsp;<strong>Villa del Carmen<\/strong>, Mar\u00eda Raboni; de&nbsp;<strong>Papagayos<\/strong>, Jos\u00e9 Luis Gauna y de&nbsp;<strong>Balde<\/strong>, Gladys P\u00e1ez. Las autoridades firmaron los convenios para la edificaci\u00f3n de 44 casas.<\/p>\n\n\n\n<p>Estas localidades se suman a&nbsp;<strong>Villa Larca, Bagual, Leandro N. Alem, Alto Pencoso, Concar\u00e1n, Fortuna, Zanjitas, Los Manantiales, Talita, Fraga, La Calera, Juan Llerena, Saladillo, San Mart\u00edn, Justo Daract, La Toma y La Vertiente,<\/strong>&nbsp;cuyas viviendas ya se iniciaron anteriormente.<\/p>\n\n\n\n<p>Seg\u00fan indic\u00f3 Rossi, el Ejecutivo provincial promulg\u00f3 la Ley de Emergencia Habitacional \u201cen funci\u00f3n del n\u00famero alt\u00edsimo de inscritos en los planes de vivienda, detectando con esto el d\u00e9ficit habitacional muy importante que tiene la provincia de San Luis. Por lo tanto, se destinan el 50% de los recursos de obras p\u00fablicas de la provincia cada a\u00f1o para la construcci\u00f3n de viviendas\u201d.<\/p>\n\n\n\n<p>\u201cLa expectativa es enorme porque, como lo ha dicho el Gobernador,<strong>&nbsp;la pol\u00edtica de vivienda volvi\u00f3 y volvi\u00f3 para quedarse en la provincia de San Luis<\/strong>\u201d, afirm\u00f3 el Secretario.<\/p>\n\n\n\n<p><strong>La Provincia alcanz\u00f3 las 202 casas puestas en marcha en 24 localidades.<\/strong><\/p>\n\n\n\n<p>\u201cCon esto estamos totalizando ya 24 localidades en la provincia de San Luis que comienzan a construir las viviendas del plan \u2018Tenemos Futuro\u2019,&nbsp;<strong>un adelanto muy importante que estamos teniendo<\/strong>\u201d, manifest\u00f3 el secretario Rossi y a\u00f1adi\u00f3: \u201cYa hemos visto las publicaciones de algunas intendencias que han hecho acopios materiales y en algunas ya est\u00e1n trabajando para las viviendas que&nbsp;<strong>se van a entregar aproximadamente en un plazo de 10 meses\u201d<\/strong>.<\/p>\n\n\n\n<p>Del total de los 24 proyectos que hasta el momento se firmaron, 19 ser\u00e1n realizados por gestiones de los municipios, mientras que las cinco restantes ser\u00e1n ejecutadas por empresas privadas. \u201c<strong>Un gran porcentaje se hace a trav\u00e9s de los municipios como empresa constructora.<\/strong>&nbsp;Esto le suma mano de obra a sus localidades, le garantiza durante el plazo de 10 meses a un a\u00f1o el trabajo a cuatro familias por lo menos de forma directa, m\u00e1s la mano de obra indirecta que se contratan, como plomeros, electricistas, etc. Y, adem\u00e1s, toda la compra de materiales, lo que genera un c\u00edrculo virtuoso en la localidad en donde el aporte econ\u00f3mico es muy importante\u201d, explic\u00f3 el Secretario.&nbsp;<\/p>\n\n\n\n<p>Las viviendas, de 57 metros cuadrados, contar\u00e1n con dos dormitorios, sala de estar-cocina-comedor y ba\u00f1o. Se optimiz\u00f3 la distribuci\u00f3n para mejorar la amplitud, circulaci\u00f3n y funcionalidad de los espacios, especialmente en dormitorios y ba\u00f1o. La fachada tendr\u00e1 un dise\u00f1o moderno con revestimiento acr\u00edlico texturado en colores vivos y detalles grises. La construcci\u00f3n incluir\u00e1 estructura de hormig\u00f3n armado sismo-resistente, techos de losa pretensada, ladrillo hueco, aberturas de aluminio, puertas de chapa y madera, pisos cer\u00e1micos e instalaciones completas de servicios.<\/p>\n\n\n\n<p>Cabe mencionar que quienes se inscribieron al plan&nbsp;<a href=\"https:\/\/agenciasanluis.com\/tag\/tenemos-futuro\/\"><strong>\u2018Tenemos Futuro\u2019<\/strong><\/a>&nbsp;participar\u00e1n del sorteo que se concretar\u00e1 en diciembre, distribuido por cada tipo de modalidad (vivienda de barrio o autoconstrucci\u00f3n asistida) y por cada localidad. \u201cA partir de ah\u00ed se iniciar\u00e1 todo el proceso de adjudicaci\u00f3n de cada una de estas viviendas\u201d, concluy\u00f3 Rossi.<\/p>\n","protected":false},"excerpt":{"rendered":"<p>El gobernador Claudio Poggi encabez\u00f3 dos reuniones de trabajo en su despacho que tuvieron como<\/p>\n","protected":false},"author":4,"featured_media":19046,"comment_status":"closed","ping_status":"closed","sticky":false,"template":"","format":"standard","meta":{"footnotes":""},"categories":[4],"tags":[],"class_list":["post-19045","post","type-post","status-publish","format-standard","has-post-thumbnail","hentry","category-la-provincia"],"_links":{"self":[{"href":"https:\/\/lavozpuntana.com\/index.php?rest_route=\/wp\/v2\/posts\/19045","targetHints":{"allow":["GET"]}}],"collection":[{"href":"https:\/\/lavozpuntana.com\/index.php?rest_route=\/wp\/v2\/posts"}],"about":[{"href":"https:\/\/lavozpuntana.com\/index.php?rest_route=\/wp\/v2\/types\/post"}],"author":[{"embeddable":true,"href":"https:\/\/lavozpuntana.com\/index.php?rest_route=\/wp\/v2\/users\/4"}],"replies":[{"embeddable":true,"href":"https:\/\/lavozpuntana.com\/index.php?rest_route=%2Fwp%2Fv2%2Fcomments&post=19045"}],"version-history":[{"count":3,"href":"https:\/\/lavozpuntana.com\/index.php?rest_route=\/wp\/v2\/posts\/19045\/revisions"}],"predecessor-version":[{"id":21621,"href":"https:\/\/lavozpuntana.com\/index.php?rest_route=\/wp\/v2\/posts\/19045\/revisions\/21621"}],"wp:featuredmedia":[{"embeddable":true,"href":"https:\/\/lavozpuntana.com\/index.php?rest_route=\/wp\/v2\/media\/19046"}],"wp:attachment":[{"href":"https:\/\/lavozpuntana.com\/index.php?rest_route=%2Fwp%2Fv2%2Fmedia&parent=19045"}],"wp:term":[{"taxonomy":"category","embeddable":true,"href":"https:\/\/lavozpuntana.com\/index.php?rest_route=%2Fwp%2Fv2%2Fcategories&post=19045"},{"taxonomy":"post_tag","embeddable":true,"href":"https:\/\/lavozpuntana.com\/index.php?rest_route=%2Fwp%2Fv2%2Ftags&post=19045"}],"curies":[{"name":"wp","href":"https:\/\/api.w.org\/{rel}","templated":true}]}}