{"id":1911,"date":"2021-03-18T17:08:36","date_gmt":"2021-03-18T20:08:36","guid":{"rendered":"http:\/\/lavozpuntana.com\/?p=1911"},"modified":"2021-03-18T17:08:37","modified_gmt":"2021-03-18T20:08:37","slug":"coronavirus-110-jovenes-de-la-provincia-fueron-aislados-tras-la-deteccion-de-un-caso-positivo-en-su-viaje-de-egresados","status":"publish","type":"post","link":"https:\/\/lavozpuntana.com\/?p=1911","title":{"rendered":"Coronavirus: 110 j\u00f3venes de la provincia fueron aislados tras la detecci\u00f3n de un caso positivo en su viaje de egresados"},"content":{"rendered":"\n<h2 class=\"wp-block-heading\" style=\"font-size:24px\">Los involucrados son j\u00f3venes de Merlo, Carpinter\u00eda, Los Molles y Cortaderas. Hab\u00edan ido de viaje de egresados a Villa Carlos Paz. <\/h2>\n\n\n\n<figure class=\"wp-block-image size-large\"><img decoding=\"async\" src=\"https:\/\/lavozpuntana.com\/wp-content\/uploads\/2021\/03\/colectivo.jpg\" alt=\"\" class=\"wp-image-1912\"\/><figcaption>Imagen ilustrativa. <\/figcaption><\/figure>\n\n\n\n<p>110 alumnos volvieron de Carlos Paz el s\u00e1bado 13 de marzo.  El martes 16, una peque\u00f1a de 12 a\u00f1os, present\u00f3 s\u00edntomas como fiebre, dolor de garganta y decaimiento: fue sometida a un hisopado y dio positivo. Asimismo, se detectaron 5 casos sospechosos en el mismo contingente.<\/p>\n\n\n\n<p> <strong>Los estudiantes fueron declarados contactos estrechos y cumplen el aislamiento en sus domicilios.<\/strong> La medida tomada es necesaria para cortar la cadena de contagios.<\/p>\n\n\n\n<p>La medida decretada explica que todo el grupo de chicos permaneci\u00f3 en un mismo \u00e1mbito. Por eso mismo se decidi\u00f3 aislar a todos, debido a que hab\u00edan compartido espacios y actividades los 5 d\u00edas que dur\u00f3 el viaje.  <\/p>\n\n\n\n<p>Gracia Sarmiento, responsable de Plan COVID 19, manifest\u00f3: \u201cTodos los chicos entran en la categor\u00eda de contactos estrechos, debido a la convivencia que mantuvieron, y decidimos que la pr\u00f3xima semana no concurran a clases\u201d. <\/p>\n\n\n\n<p><\/p>\n","protected":false},"excerpt":{"rendered":"<p>Los involucrados son j\u00f3venes de Merlo, Carpinter\u00eda, Los Molles y Cortaderas. Hab\u00edan ido de viaje<\/p>\n","protected":false},"author":5,"featured_media":0,"comment_status":"closed","ping_status":"closed","sticky":false,"template":"","format":"standard","meta":{"footnotes":""},"categories":[4],"tags":[583,99,115,741,54,821],"class_list":["post-1911","post","type-post","status-publish","format-standard","hentry","category-la-provincia","tag-carpinteria","tag-cortaderas","tag-covid19","tag-losmolles","tag-merlo-2","tag-viajedeegresados"],"_links":{"self":[{"href":"https:\/\/lavozpuntana.com\/index.php?rest_route=\/wp\/v2\/posts\/1911","targetHints":{"allow":["GET"]}}],"collection":[{"href":"https:\/\/lavozpuntana.com\/index.php?rest_route=\/wp\/v2\/posts"}],"about":[{"href":"https:\/\/lavozpuntana.com\/index.php?rest_route=\/wp\/v2\/types\/post"}],"author":[{"embeddable":true,"href":"https:\/\/lavozpuntana.com\/index.php?rest_route=\/wp\/v2\/users\/5"}],"replies":[{"embeddable":true,"href":"https:\/\/lavozpuntana.com\/index.php?rest_route=%2Fwp%2Fv2%2Fcomments&post=1911"}],"version-history":[{"count":1,"href":"https:\/\/lavozpuntana.com\/index.php?rest_route=\/wp\/v2\/posts\/1911\/revisions"}],"predecessor-version":[{"id":1913,"href":"https:\/\/lavozpuntana.com\/index.php?rest_route=\/wp\/v2\/posts\/1911\/revisions\/1913"}],"wp:attachment":[{"href":"https:\/\/lavozpuntana.com\/index.php?rest_route=%2Fwp%2Fv2%2Fmedia&parent=1911"}],"wp:term":[{"taxonomy":"category","embeddable":true,"href":"https:\/\/lavozpuntana.com\/index.php?rest_route=%2Fwp%2Fv2%2Fcategories&post=1911"},{"taxonomy":"post_tag","embeddable":true,"href":"https:\/\/lavozpuntana.com\/index.php?rest_route=%2Fwp%2Fv2%2Ftags&post=1911"}],"curies":[{"name":"wp","href":"https:\/\/api.w.org\/{rel}","templated":true}]}}