{"id":19205,"date":"2025-11-05T12:38:09","date_gmt":"2025-11-05T15:38:09","guid":{"rendered":"https:\/\/lavozpuntana.com\/?p=19205"},"modified":"2026-02-03T04:04:02","modified_gmt":"2026-02-03T07:04:02","slug":"avanza-el-proyecto-de-ley-que-declara-el-2026-como-el-ano-de-la-educacion-en-san-luis","status":"publish","type":"post","link":"https:\/\/lavozpuntana.com\/?p=19205","title":{"rendered":"AVANZA EL PROYECTO DE LEY QUE DECLARA EL 2026 COMO EL \u2018A\u00d1O DE LA EDUCACI\u00d3N\u2019 EN SAN LUIS"},"content":{"rendered":"\n<figure class=\"wp-block-image size-large\"><img loading=\"lazy\" decoding=\"async\" width=\"1024\" height=\"683\" src=\"https:\/\/lavozpuntana.com\/wp-content\/uploads\/2025\/11\/P1010234-1-1024x683.jpg\" alt=\"\" class=\"wp-image-19206\" srcset=\"https:\/\/lavozpuntana.com\/wp-content\/uploads\/2025\/11\/P1010234-1-1024x683.jpg 1024w, https:\/\/lavozpuntana.com\/wp-content\/uploads\/2025\/11\/P1010234-1-300x200.jpg 300w, https:\/\/lavozpuntana.com\/wp-content\/uploads\/2025\/11\/P1010234-1-768x512.jpg 768w, https:\/\/lavozpuntana.com\/wp-content\/uploads\/2025\/11\/P1010234-1.jpg 1200w\" sizes=\"auto, (max-width: 1024px) 100vw, 1024px\" \/><\/figure>\n\n\n\n<p><strong>El Senado dio media sanci\u00f3n a la iniciativa del Ejecutivo que propone declarar al 2026 como el \u2018A\u00f1o de la Educaci\u00f3n\u2019 en San Luis, en homenaje al bicentenario de la primera escuela fundada por Domingo Faustino Sarmiento en San Francisco del Monte de Oro.<\/strong><\/p>\n\n\n\n<p>Este martes 4, la C\u00e1mara de Senadores dio media sanci\u00f3n al proyecto de ley enviado por el Ejecutivo a la Legislatura que declara al 2026 como el<strong>&nbsp;\u2018A\u00f1o de la Educaci\u00f3n\u2019<\/strong>&nbsp;en San Luis, en homenaje al bicentenario de la fundaci\u00f3n de la primera escuela creada por Domingo Faustino Sarmiento en San Francisco del Monte de Oro.<\/p>\n\n\n\n<p>La propuesta pone en valor el legado hist\u00f3rico de la escuela rancho, creada en 1826, donde el joven Sarmiento comenz\u00f3 su vocaci\u00f3n como maestro junto con el sacerdote Jos\u00e9 de Oro. Desde aquel humilde rancho de adobe, con techo de paja y piso de tierra,&nbsp;<strong>naci\u00f3 un modelo educativo<\/strong>&nbsp;que luego inspirar\u00eda su obra pedag\u00f3gica en todo el pa\u00eds.<\/p>\n\n\n\n<p>El proyecto subraya que ese gesto fundacional representa el punto de partida de la educaci\u00f3n p\u00fablica argentina y el s\u00edmbolo de una idea transformadora:&nbsp;<strong>la ense\u00f1anza como camino hacia la libertad, el progreso y la igualdad de oportunidades.<\/strong><\/p>\n\n\n\n<p>La iniciativa aprobada, adem\u00e1s, establece que durante todo el a\u00f1o 2026, en los documentos, publicaciones y sitios oficiales del Gobierno provincial deber\u00e1 incluirse la leyenda: \u20182026 \u2013 A\u00f1o de la Educaci\u00f3n en San Luis \u2013 Bicentenario de la Fundaci\u00f3n de la Primera Escuela de Domingo Faustino Sarmiento\u2019.<\/p>\n\n\n\n<p>El senador por Ayacucho, Diego Garc\u00eda, repas\u00f3 la vida y el pensamiento del maestro sanjuanino, y record\u00f3 que su paso por San Luis marc\u00f3 el inicio de una de las obras m\u00e1s trascendentes del continente. El senador destac\u00f3 que como presidente de la Naci\u00f3n, Sarmiento impuls\u00f3 profundas reformas educativas, promovi\u00f3 la creaci\u00f3n de escuelas y la formaci\u00f3n de docentes, y consagr\u00f3 el derecho a aprender a trav\u00e9s de la Ley 1.420, que estableci\u00f3 la educaci\u00f3n laica, gratuita y universal.<\/p>\n\n\n\n<p>Garc\u00eda tambi\u00e9n&nbsp;<strong>record\u00f3 a Rosenda Quiroga<\/strong>, maestra oriunda de San Francisco del Monte de Oro y continuadora de la obra sarmientina. Quiroga fue una de las primeras maestras normales del pa\u00eds e impuls\u00f3 en su escuela un plan de alimentaci\u00f3n conocido como la \u2018copa de leche\u2019.<\/p>\n\n\n\n<p>El legislador se\u00f1al\u00f3 que la gesti\u00f3n del gobernador Claudio Poggi retoma esas premisas y que las pol\u00edticas educativas que impulsa junto con su gabinete son una muestra concreta del compromiso del Gobierno con los ni\u00f1os, j\u00f3venes y estudiantes de San Luis.<\/p>\n\n\n\n<p>\u201cEl gobernador Poggi desde el inicio de su gesti\u00f3n estableci\u00f3 la necesidad de&nbsp;<strong>recuperar el tejido social roto<\/strong>, poniendo a la educaci\u00f3n en el centro de las pol\u00edticas p\u00fablicas. Implement\u00f3 medidas concretas como la alfabetizaci\u00f3n inicial, la universalizaci\u00f3n de salas de 3 a\u00f1os, la Beca al M\u00e9rito Estudiantil, el Programa Alimentario Nutricional Escolar (PANE), el Boleto Estudiantil Interurbano (BEI), la Beca Universal Superior (BUS), la Comisi\u00f3n Provincial de Articulaci\u00f3n con el Nivel Superior (CoProANS), el programa Tu Provincia en Bici (TUBI) y los concursos para cargos directivos\u201d, enumer\u00f3 Garc\u00eda.<\/p>\n\n\n\n<p>Estas pol\u00edticas forman parte de uno de los ejes principales de la actual gesti\u00f3n, orientado a reconstruir el tejido social roto tras a\u00f1os de abandono, y se complementan con los otros tres pilares del Gobierno:&nbsp;<strong>la lucha contra la inseguridad y el narcotr\u00e1fico, el fortalecimiento de la institucionalidad y el crecimiento del sector privado.<\/strong><\/p>\n","protected":false},"excerpt":{"rendered":"<p>El Senado dio media sanci\u00f3n a la iniciativa del Ejecutivo que propone declarar al 2026<\/p>\n","protected":false},"author":4,"featured_media":19206,"comment_status":"closed","ping_status":"closed","sticky":false,"template":"","format":"standard","meta":{"footnotes":""},"categories":[4],"tags":[],"class_list":["post-19205","post","type-post","status-publish","format-standard","has-post-thumbnail","hentry","category-la-provincia"],"_links":{"self":[{"href":"https:\/\/lavozpuntana.com\/index.php?rest_route=\/wp\/v2\/posts\/19205","targetHints":{"allow":["GET"]}}],"collection":[{"href":"https:\/\/lavozpuntana.com\/index.php?rest_route=\/wp\/v2\/posts"}],"about":[{"href":"https:\/\/lavozpuntana.com\/index.php?rest_route=\/wp\/v2\/types\/post"}],"author":[{"embeddable":true,"href":"https:\/\/lavozpuntana.com\/index.php?rest_route=\/wp\/v2\/users\/4"}],"replies":[{"embeddable":true,"href":"https:\/\/lavozpuntana.com\/index.php?rest_route=%2Fwp%2Fv2%2Fcomments&post=19205"}],"version-history":[{"count":3,"href":"https:\/\/lavozpuntana.com\/index.php?rest_route=\/wp\/v2\/posts\/19205\/revisions"}],"predecessor-version":[{"id":21672,"href":"https:\/\/lavozpuntana.com\/index.php?rest_route=\/wp\/v2\/posts\/19205\/revisions\/21672"}],"wp:featuredmedia":[{"embeddable":true,"href":"https:\/\/lavozpuntana.com\/index.php?rest_route=\/wp\/v2\/media\/19206"}],"wp:attachment":[{"href":"https:\/\/lavozpuntana.com\/index.php?rest_route=%2Fwp%2Fv2%2Fmedia&parent=19205"}],"wp:term":[{"taxonomy":"category","embeddable":true,"href":"https:\/\/lavozpuntana.com\/index.php?rest_route=%2Fwp%2Fv2%2Fcategories&post=19205"},{"taxonomy":"post_tag","embeddable":true,"href":"https:\/\/lavozpuntana.com\/index.php?rest_route=%2Fwp%2Fv2%2Ftags&post=19205"}],"curies":[{"name":"wp","href":"https:\/\/api.w.org\/{rel}","templated":true}]}}