{"id":19208,"date":"2025-11-05T12:41:31","date_gmt":"2025-11-05T15:41:31","guid":{"rendered":"https:\/\/lavozpuntana.com\/?p=19208"},"modified":"2026-02-03T04:04:02","modified_gmt":"2026-02-03T07:04:02","slug":"media-sancion-al-proyecto-que-regula-el-decomiso-anticipado-y-definitivo-de-armas-de-fuego","status":"publish","type":"post","link":"https:\/\/lavozpuntana.com\/?p=19208","title":{"rendered":"MEDIA SANCI\u00d3N AL PROYECTO QUE REGULA EL DECOMISO ANTICIPADO Y DEFINITIVO DE ARMAS DE FUEGO"},"content":{"rendered":"\n<figure class=\"wp-block-image size-large\"><img loading=\"lazy\" decoding=\"async\" width=\"1024\" height=\"683\" src=\"https:\/\/lavozpuntana.com\/wp-content\/uploads\/2025\/11\/P1010230-1024x683.jpg\" alt=\"\" class=\"wp-image-19209\" srcset=\"https:\/\/lavozpuntana.com\/wp-content\/uploads\/2025\/11\/P1010230-1024x683.jpg 1024w, https:\/\/lavozpuntana.com\/wp-content\/uploads\/2025\/11\/P1010230-300x200.jpg 300w, https:\/\/lavozpuntana.com\/wp-content\/uploads\/2025\/11\/P1010230-768x512.jpg 768w, https:\/\/lavozpuntana.com\/wp-content\/uploads\/2025\/11\/P1010230.jpg 1200w\" sizes=\"auto, (max-width: 1024px) 100vw, 1024px\" \/><\/figure>\n\n\n\n<p><strong>La medida, enviada por el Ejecutivo, apunta a modernizar y reforzar las pol\u00edticas de seguridad p\u00fablica, evitando la acumulaci\u00f3n de armas en dep\u00f3sitos y fortaleciendo los mecanismos de control estatal. Ahora deber\u00e1 tratarla la C\u00e1mara de Diputados.<\/strong><\/p>\n\n\n\n<p>El martes 4, el Senado aprob\u00f3 por mayor\u00eda el proyecto de ley que crea un marco normativo para el decomiso anticipado y definitivo de armas de fuego, una iniciativa enviada por el Ejecutivo a la Legislatura que busca dotar de celeridad, trazabilidad y transparencia a los procesos judiciales vinculados con materiales secuestrados o incautados.<\/p>\n\n\n\n<p>La propuesta, que ahora ser\u00e1 girada a la C\u00e1mara de Diputados para su tratamiento, forma parte de un paquete de leyes impulsado por el Gobierno provincial, a trav\u00e9s del ministerio de Seguridad, destinado a modernizar la gesti\u00f3n de bienes bajo custodia judicial. La semana pasada el Senado aprob\u00f3 el marco normativo para el decomiso de veh\u00edculos y este nuevo proyecto ampl\u00eda el alcance a armas de fuego y materiales controlados.<\/p>\n\n\n\n<p>La norma aprobada establece que las armas de fuego secuestradas o decomisadas por orden judicial o administrativa podr\u00e1n ser destruidas o reutilizadas con fines de inter\u00e9s p\u00fablico, en conformidad con lo dispuesto por la Ley Nacional N\u00b0 25.938 y bajo la supervisi\u00f3n del ministerio de Seguridad de la Provincia, que actuar\u00e1 como Autoridad de Aplicaci\u00f3n.<\/p>\n\n\n\n<p>El senador por el departamento Pedernera, Adolfo Castro Luna, miembro informante del proyecto, explic\u00f3 que el objetivo principal es acelerar los procesos judiciales y evitar la acumulaci\u00f3n de materiales en dep\u00f3sitos, muchos de los cuales permanecen durante a\u00f1os sin resoluci\u00f3n. La ley tambi\u00e9n introduce un sistema de trazabilidad que permitir\u00e1 registrar y controlar el destino final de cada arma decomisada, garantizando transparencia y eficiencia administrativa.<\/p>\n\n\n\n<p>Durante la sesi\u00f3n, tambi\u00e9n detall\u00f3 las principales modificaciones al C\u00f3digo Procesal Penal y a la Ley N\u00b0 831\/2012 de bienes secuestrados. Entre ellas, explic\u00f3 que se establece la reducci\u00f3n de los plazos, de modo que los jueces deber\u00e1n comunicar en un m\u00e1ximo de 48 horas las resoluciones vinculadas al destino de los bienes.<\/p>\n\n\n\n<p>Adem\u00e1s, se incorpora la posibilidad de que el ministerio de Seguridad disponga directamente la destrucci\u00f3n o reutilizaci\u00f3n de armas con fines institucionales, sin depender exclusivamente del mecanismo de subasta p\u00fablica. Finalmente, se suma una herramienta de control y trazabilidad, que permitir\u00e1 conocer con precisi\u00f3n el recorrido y destino de cada material decomisado.<\/p>\n\n\n\n<p>El senador destac\u00f3 que con esta ley se dota a la Justicia y al ministerio de Seguridad de instrumentos \u00e1giles y modernos, que evitan la burocracia y aseguran que los bienes decomisados no queden abandonados ni sin control.<\/p>\n\n\n\n<p>El proyecto tambi\u00e9n prev\u00e9 la adhesi\u00f3n de la Provincia a la Ley Nacional N\u00b0 25.938, la celebraci\u00f3n de convenios con el Registro Nacional de Armas (RENAR) y otras instituciones, y la creaci\u00f3n de un inventario oficial de armas secuestradas que deber\u00e1 completarse en un plazo de 180 d\u00edas desde la entrada en vigencia de la norma.<\/p>\n","protected":false},"excerpt":{"rendered":"<p>La medida, enviada por el Ejecutivo, apunta a modernizar y reforzar las pol\u00edticas de seguridad<\/p>\n","protected":false},"author":4,"featured_media":19209,"comment_status":"closed","ping_status":"closed","sticky":false,"template":"","format":"standard","meta":{"footnotes":""},"categories":[4],"tags":[],"class_list":["post-19208","post","type-post","status-publish","format-standard","has-post-thumbnail","hentry","category-la-provincia"],"_links":{"self":[{"href":"https:\/\/lavozpuntana.com\/index.php?rest_route=\/wp\/v2\/posts\/19208","targetHints":{"allow":["GET"]}}],"collection":[{"href":"https:\/\/lavozpuntana.com\/index.php?rest_route=\/wp\/v2\/posts"}],"about":[{"href":"https:\/\/lavozpuntana.com\/index.php?rest_route=\/wp\/v2\/types\/post"}],"author":[{"embeddable":true,"href":"https:\/\/lavozpuntana.com\/index.php?rest_route=\/wp\/v2\/users\/4"}],"replies":[{"embeddable":true,"href":"https:\/\/lavozpuntana.com\/index.php?rest_route=%2Fwp%2Fv2%2Fcomments&post=19208"}],"version-history":[{"count":3,"href":"https:\/\/lavozpuntana.com\/index.php?rest_route=\/wp\/v2\/posts\/19208\/revisions"}],"predecessor-version":[{"id":21673,"href":"https:\/\/lavozpuntana.com\/index.php?rest_route=\/wp\/v2\/posts\/19208\/revisions\/21673"}],"wp:featuredmedia":[{"embeddable":true,"href":"https:\/\/lavozpuntana.com\/index.php?rest_route=\/wp\/v2\/media\/19209"}],"wp:attachment":[{"href":"https:\/\/lavozpuntana.com\/index.php?rest_route=%2Fwp%2Fv2%2Fmedia&parent=19208"}],"wp:term":[{"taxonomy":"category","embeddable":true,"href":"https:\/\/lavozpuntana.com\/index.php?rest_route=%2Fwp%2Fv2%2Fcategories&post=19208"},{"taxonomy":"post_tag","embeddable":true,"href":"https:\/\/lavozpuntana.com\/index.php?rest_route=%2Fwp%2Fv2%2Ftags&post=19208"}],"curies":[{"name":"wp","href":"https:\/\/api.w.org\/{rel}","templated":true}]}}